{"id":41042,"date":"2019-02-27T13:02:58","date_gmt":"2019-02-27T16:02:58","guid":{"rendered":"https:\/\/www.actualidadadiario.com\/?p=41042"},"modified":"2019-05-06T20:50:23","modified_gmt":"2019-05-06T23:50:23","slug":"sin-foco-en-la-economia-gobierno-pule-discurso-de-macri-ante-congreso","status":"publish","type":"post","link":"https:\/\/www.actualidadadiario.com\/index.php\/2019\/02\/27\/sin-foco-en-la-economia-gobierno-pule-discurso-de-macri-ante-congreso\/","title":{"rendered":"Sin foco en la econom\u00eda, Gobierno pule discurso de Macri ante Congreso"},"content":{"rendered":"<p><em><strong>Pe\u00f1a y De Andreis trabajan en el mensaje al parlamento, que ser\u00e1 adelantado a la bancada oficialista el jueves en Olivos. Justicia, corrupci\u00f3n y seguridad, en las primeras l\u00edneas<\/strong><\/em><\/p>\n<p>&nbsp;<\/p>\n<p>&nbsp;<\/p>\n<p>&nbsp;<\/p>\n<p>Primero con el asesor estrella, Jaime Dur\u00e1n Barba, y luego con el resto del equipo presidencial, los funcionarios de la Casa Rosada ajustan en estas horas el discurso que el presidente Mauricio Macri brindar\u00e1 este viernes a la asamblea legislativa, en el Congreso de la Naci\u00f3n, para abrir formalmente el per\u00edodo de sesiones ordinarias en ambas c\u00e1maras.<\/p>\n<p>En el primer piso y frente al Patio de las Palmeras, el martes por la ma\u00f1ana tuvo lugar una reuni\u00f3n de funcionarios de la Jefatura de Gabinete y la Secretar\u00eda General, que responden respectivamente a Marcos Pe\u00f1a y Fernando De Andreis, para pulir el mensaje que, en esta ocasi\u00f3n, tendr\u00e1 un condimento especial por caer en a\u00f1o electoral y tener a varios postulantes sentados en el hemiciclo. Todav\u00eda se desconoce si Cristina Fern\u00e1ndez de Kirchner asistir\u00e1, o bien optar\u00e1 por ausentarse, como el a\u00f1o pasado.<\/p>\n<p>Si bien los detalles permanecen en reserva, el titular del Poder Ejecutivo dar\u00e1 un mensaje con eje en la seguridad, la corrupci\u00f3n y la justicia. Este a\u00f1o, la Casa Rosada pretende que el parlamento avance con la sanci\u00f3n de un nuevo r\u00e9gimen penal juvenil, craneado en las usinas de Justicia 2020, el espacio de debate comandado por Ricardo Gil Laavedra e impulsado por el ministro de Justicia, Germ\u00e1n Garavano.<\/p>\n<p>Tambi\u00e9n se espera que el presidente haga referencia al fallido intento de avanzar con un Decreto de Necesidad y Urgencia (DNU) para el decomiso de bienes sustra\u00eddos a la corrupci\u00f3n, que qued\u00f3 a un paso de perderse en el abismo luego de ser rechazado en la Comisi\u00f3n Bicameral Permanente de Tr\u00e1mite Legislativo, la semana pasada.<\/p>\n<p>En los despachos parlamentarios del oficialismo en el Congreso todav\u00eda resultaba una inc\u00f3gnita si, en esta ocasi\u00f3n, el presidente har\u00e1 menci\u00f3n al anteproyecto de reforma del C\u00f3digo Penal, cuyo fue env\u00edo fue aplazado ya dos veces y que promete crear rivalidad en propios y ajenos por la letra chica respecto a la despenalizaci\u00f3n -o no- del aborto.<\/p>\n<p>Tambi\u00e9n se espera que el presidente haga alguna referencia al proyecto de blanqueo laboral, una de las pocas patas de las ambiciones reformistas del Gobierno en la materia que no chocan de frente con la oposici\u00f3n de los gremios. Pero nada ha trascendido sobre la cuesti\u00f3n econ\u00f3mica, con n\u00fameros en rojo y tras pasar un a\u00f1o con 47,6% de inflaci\u00f3n, la m\u00e1s alta en 27 a\u00f1os. Esta semana, regresado de su gira por Asia, Macri dijo que &#8220;hoy tenemos una econom\u00eda que comienza a ordenarse&#8221;.<\/p>\n<p>Los detalles que impulsar\u00e1 el Ejecutivo ser\u00e1n adelantados a la bancada oficialista en un encuentro que tendr\u00e1 lugar el jueves por la tarde en Olivos. Como en otras ocasiones, Macri aspira a reforzar su liderazgo y convocar a los miembros de la UCR, la Coalici\u00f3n C\u00edvica y el PRO a retomar la senda de la unidad, pese a las heridas a\u00fan no resueltas y los puntos de desacuerdo.<\/p>\n<p>Entre ellos aparece la ley de financiamiento partidario. El ministro del Interior, Rogelio Frigerio, anunci\u00f3 el inter\u00e9s del Gobierno por lograr su media sanci\u00f3n en el Senado, a m\u00e1s tardar, a fines de marzo, y lo propio en la c\u00e1mara baja en abril. Carri\u00f3 y sus diputados se oponen a la habilitaci\u00f3n para que las empresas puedan poner plata en la campa\u00f1a.<\/p>\n","protected":false},"excerpt":{"rendered":"<p>Pe\u00f1a y De Andreis trabajan en el mensaje al parlamento, que ser\u00e1 adelantado a la bancada oficialista el jueves en Olivos. Justicia, corrupci\u00f3n y seguridad, en las primeras l\u00edneas &nbsp; &nbsp; &nbsp; Primero con el asesor estrella, Jaime Dur\u00e1n Barba, y luego con el resto del equipo presidencial, los funcionarios de la Casa Rosada ajustan en estas horas el discurso que el presidente Mauricio Macri brindar\u00e1 este viernes a la asamblea legislativa, en el Congreso de la Naci\u00f3n, para abrir formalmente el per\u00edodo de sesiones ordinarias en ambas c\u00e1maras. En&#8230;<\/p>\n","protected":false},"author":3,"featured_media":41043,"comment_status":"closed","ping_status":"closed","sticky":false,"template":"","format":"standard","meta":[],"categories":[18],"tags":[],"_links":{"self":[{"href":"https:\/\/www.actualidadadiario.com\/index.php\/wp-json\/wp\/v2\/posts\/41042"}],"collection":[{"href":"https:\/\/www.actualidadadiario.com\/index.php\/wp-json\/wp\/v2\/posts"}],"about":[{"href":"https:\/\/www.actualidadadiario.com\/index.php\/wp-json\/wp\/v2\/types\/post"}],"author":[{"embeddable":true,"href":"https:\/\/www.actualidadadiario.com\/index.php\/wp-json\/wp\/v2\/users\/3"}],"replies":[{"embeddable":true,"href":"https:\/\/www.actualidadadiario.com\/index.php\/wp-json\/wp\/v2\/comments?post=41042"}],"version-history":[{"count":1,"href":"https:\/\/www.actualidadadiario.com\/index.php\/wp-json\/wp\/v2\/posts\/41042\/revisions"}],"predecessor-version":[{"id":41044,"href":"https:\/\/www.actualidadadiario.com\/index.php\/wp-json\/wp\/v2\/posts\/41042\/revisions\/41044"}],"wp:featuredmedia":[{"embeddable":true,"href":"https:\/\/www.actualidadadiario.com\/index.php\/wp-json\/wp\/v2\/media\/41043"}],"wp:attachment":[{"href":"https:\/\/www.actualidadadiario.com\/index.php\/wp-json\/wp\/v2\/media?parent=41042"}],"wp:term":[{"taxonomy":"category","embeddable":true,"href":"https:\/\/www.actualidadadiario.com\/index.php\/wp-json\/wp\/v2\/categories?post=41042"},{"taxonomy":"post_tag","embeddable":true,"href":"https:\/\/www.actualidadadiario.com\/index.php\/wp-json\/wp\/v2\/tags?post=41042"}],"curies":[{"name":"wp","href":"https:\/\/api.w.org\/{rel}","templated":true}]}}