{"id":41039,"date":"2019-02-27T13:02:19","date_gmt":"2019-02-27T16:02:19","guid":{"rendered":"https:\/\/www.actualidadadiario.com\/?p=41039"},"modified":"2019-05-06T20:56:07","modified_gmt":"2019-05-06T23:56:07","slug":"con-guino-electoral-la-corte-no-agendo-fallos-por-reforma-previsional-ni-coparticipacion","status":"publish","type":"post","link":"https:\/\/www.actualidadadiario.com\/index.php\/2019\/02\/27\/con-guino-electoral-la-corte-no-agendo-fallos-por-reforma-previsional-ni-coparticipacion\/","title":{"rendered":"Con gui\u00f1o electoral, la Corte no agend\u00f3 fallos por reforma previsional ni coparticipaci\u00f3n"},"content":{"rendered":"<p><em><strong>El m\u00e1ximo tribunal public\u00f3 el cronograma de sentencias y sin incluir el reclamo de Santa Fe<\/strong><\/em><\/p>\n<p>&nbsp;<\/p>\n<p>&nbsp;<\/p>\n<p>&nbsp;<\/p>\n<p>&nbsp;<\/p>\n<p>La Corte Suprema le dio aire al Gobierno al publicar ayer el cronograma de sentencias pautadas para el primer semestre en lo que respecta a temas relevantes, entre las que no incluy\u00f3 la reforma previsional o la devoluci\u00f3n de fondos coparticipables a Santa Fe.<\/p>\n<p>Si bien fuentes tribunalicias aclararon que pueden tratarse asuntos por fuera de esa lista -la cual funciona como una suerte de gu\u00eda para arrojar previsibilidad sobre los t\u00f3picos m\u00e1s importantes, ya que mientras &#8220;se dictan miles de sentencias por semana&#8221;, se\u00f1alan- se trata de un gui\u00f1o al Ejecutivo en medio del clima de campa\u00f1a electoral y tras haber fallado a favor de San Luis en un reclamo por $15.000 millones por recursos retenidos indebidamente para financiar a la Anses.<\/p>\n<p>Es que la semana pasada, la Corte estableci\u00f3 el mecanismo para actualizar el monto que la Naci\u00f3n le deb\u00eda a esa provincia e intim\u00f3 a las partes a llegar a un acuerdo por el 15% de la distribuci\u00f3n de impuestos que la Rosada se qued\u00f3 durante a\u00f1os para cubrir el d\u00e9ficit del organismo previsional. El fallo original hab\u00eda sido emitido a fines de 2015 con el cambio de Gobierno e inclu\u00eda tambi\u00e9n a Santa Fe. Por eso se especulaba tras la decisi\u00f3n sobre San Luis otra inminente sobre la primera, que estar\u00eda en condiciones de recibir otros $60.000 millones, una cifra mucho m\u00e1s significativa en medio del ajuste fiscal que pidi\u00f3 el Fondo Monetario Internacional.<\/p>\n<p>El hecho de que el m\u00e1ximo tribunal no haya estipulado una fecha para dar una sentencia sobre este \u00faltimo punto trae algo de alivio para los frentes abiertos del oficialismo en materia judicial.<\/p>\n<p>Tampoco habr\u00eda en principio, seg\u00fan se desprende de la publicaci\u00f3n, definiciones sobre la reforma previsional que podr\u00edan ocasionar un agujero fiscal si se da de baja el cambio en la movilidad. Al m\u00e1ximo tribunal lleg\u00f3 un amparo individual contra la norma sancionada a fines de 2017, que tambi\u00e9n se encuentra en manos del Procurador General, con sentencia favorable en instancias previas. En la oposici\u00f3n creen que un fallo en contra voltear\u00eda cualquier intento de regresar a un sistema de capitalizaci\u00f3n o de reducir la tasa de sustituci\u00f3n al 30%, como pretende el FMI.<\/p>\n<p>Donde s\u00ed habr\u00e1 novedades en el frente previsional es si los jubilados deben pagar impuesto a las Ganancias, aunque es un universo acotado. El abogado Facundo Fern\u00e1ndez Pastor calcul\u00f3 que &#8220;s\u00f3lo el 5%&#8221; est\u00e1 alcanzado por el tributo y los que iniciaron juicio son apenas el 1%.<\/p>\n<p>Por otro lado, la Corte tambi\u00e9n discutir\u00e1 &#8220;los alcances de la legitimaci\u00f3n del Defensor del Pueblo de la Naci\u00f3n quien promovi\u00f3 un amparo colectivo y si el Estado Nacional debe adoptar las medidas adecuadas para disponer un ajuste por movilidad en beneficio del colectivo de jubilados y pensionados, en los t\u00e9rminos del precedente Badaro&#8221;. Seg\u00fan Fern\u00e1ndez Pastor, este fallo tambi\u00e9n tiene un impacto leve ya que comprende a quienes se hayan retirado bajo la ley 18.037, con lo cual &#8220;o se murieron, o son muy viejitos o ya hicieron el reclamo, por lo que casi tiene aplicaci\u00f3n f\u00e1ctica&#8221;.<\/p>\n<p>En total, la agenda para este primer semestre comprende 11 fallos, entre los que se encuentran el caso por la reelecci\u00f3n de Sergio Casas en La Rioja y la ley de glaciares.<\/p>\n","protected":false},"excerpt":{"rendered":"<p>El m\u00e1ximo tribunal public\u00f3 el cronograma de sentencias y sin incluir el reclamo de Santa Fe &nbsp; &nbsp; &nbsp; &nbsp; La Corte Suprema le dio aire al Gobierno al publicar ayer el cronograma de sentencias pautadas para el primer semestre en lo que respecta a temas relevantes, entre las que no incluy\u00f3 la reforma previsional o la devoluci\u00f3n de fondos coparticipables a Santa Fe. Si bien fuentes tribunalicias aclararon que pueden tratarse asuntos por fuera de esa lista -la cual funciona como una suerte de gu\u00eda para arrojar previsibilidad sobre&#8230;<\/p>\n","protected":false},"author":3,"featured_media":41040,"comment_status":"closed","ping_status":"closed","sticky":false,"template":"","format":"standard","meta":[],"categories":[18],"tags":[],"_links":{"self":[{"href":"https:\/\/www.actualidadadiario.com\/index.php\/wp-json\/wp\/v2\/posts\/41039"}],"collection":[{"href":"https:\/\/www.actualidadadiario.com\/index.php\/wp-json\/wp\/v2\/posts"}],"about":[{"href":"https:\/\/www.actualidadadiario.com\/index.php\/wp-json\/wp\/v2\/types\/post"}],"author":[{"embeddable":true,"href":"https:\/\/www.actualidadadiario.com\/index.php\/wp-json\/wp\/v2\/users\/3"}],"replies":[{"embeddable":true,"href":"https:\/\/www.actualidadadiario.com\/index.php\/wp-json\/wp\/v2\/comments?post=41039"}],"version-history":[{"count":1,"href":"https:\/\/www.actualidadadiario.com\/index.php\/wp-json\/wp\/v2\/posts\/41039\/revisions"}],"predecessor-version":[{"id":41041,"href":"https:\/\/www.actualidadadiario.com\/index.php\/wp-json\/wp\/v2\/posts\/41039\/revisions\/41041"}],"wp:featuredmedia":[{"embeddable":true,"href":"https:\/\/www.actualidadadiario.com\/index.php\/wp-json\/wp\/v2\/media\/41040"}],"wp:attachment":[{"href":"https:\/\/www.actualidadadiario.com\/index.php\/wp-json\/wp\/v2\/media?parent=41039"}],"wp:term":[{"taxonomy":"category","embeddable":true,"href":"https:\/\/www.actualidadadiario.com\/index.php\/wp-json\/wp\/v2\/categories?post=41039"},{"taxonomy":"post_tag","embeddable":true,"href":"https:\/\/www.actualidadadiario.com\/index.php\/wp-json\/wp\/v2\/tags?post=41039"}],"curies":[{"name":"wp","href":"https:\/\/api.w.org\/{rel}","templated":true}]}}