{"id":41036,"date":"2019-02-27T13:01:21","date_gmt":"2019-02-27T16:01:21","guid":{"rendered":"https:\/\/www.actualidadadiario.com\/?p=41036"},"modified":"2019-05-06T20:50:02","modified_gmt":"2019-05-06T23:50:02","slug":"un-exgerente-de-edenor-y-edesur-va-a-energia","status":"publish","type":"post","link":"https:\/\/www.actualidadadiario.com\/index.php\/2019\/02\/27\/un-exgerente-de-edenor-y-edesur-va-a-energia\/","title":{"rendered":"Un exgerente de Edenor y Edesur va a Energ\u00eda"},"content":{"rendered":"<p><em><strong>Juan Garade, quien fue casi 11 a\u00f1os directivo en la concesionaria el\u00e9ctrica que administra la zona sur del \u00e1rea metropolitana y 5 en la de la zona norte, es el nuevo secretario de Mercado El\u00e9ctrico<\/strong><\/em><\/p>\n<p>&nbsp;<\/p>\n<p>&nbsp;<\/p>\n<p>&nbsp;<\/p>\n<p>A trav\u00e9s de un decreto publicado este martes en el Bolet\u00edn Oficial, el presidente Mauricio Macri design\u00f3 a un ex CEO de Edesur y Edenor como nuevo secretario de Recursos Renovables y Mercado El\u00e9ctrico, cargo dependiente de la secretar\u00eda de Energ\u00eda.<\/p>\n<p>Se trata del contador Juan Antonio Garade, quien se desempe\u00f1aba en el Ente Nacional Regulador de la Electricidad (ENRE) desde el inicio de la presidencia de Macri, trabaj\u00f3 casi once a\u00f1os como director de Planificaci\u00f3n, Control y regulaci\u00f3n de Edesur (2001-2012) y antes fue gerente de Planificaci\u00f3n Econ\u00f3mica de Edenor (1992-1998).<\/p>\n<p>No se trata del primer caso de un importante directivo privado que en la era Macri pasa al \u00e1rea del sector p\u00fablico que debe controlar a las empresas del rubro, lo que implica un conflicto de intereses.<\/p>\n<p>Entre ellos se destacan Juan Jos\u00e9 Aranguren, ex ministro de Energ\u00eda, que era accionista privado de Shell; Miguel Braun, ex secretario de Comercio, quien tiene la tarea de controlar a sus familiares due\u00f1os de la cadena de supermercados La An\u00f3nima; y Luis Caputo ex empleado de la J.P. Morgan y Deutsche Bank que fue presidente del Banco Central y luego ocup\u00f3 el cargo de Ministro de Finanzas de la Naci\u00f3n.<\/p>\n","protected":false},"excerpt":{"rendered":"<p>Juan Garade, quien fue casi 11 a\u00f1os directivo en la concesionaria el\u00e9ctrica que administra la zona sur del \u00e1rea metropolitana y 5 en la de la zona norte, es el nuevo secretario de Mercado El\u00e9ctrico &nbsp; &nbsp; &nbsp; A trav\u00e9s de un decreto publicado este martes en el Bolet\u00edn Oficial, el presidente Mauricio Macri design\u00f3 a un ex CEO de Edesur y Edenor como nuevo secretario de Recursos Renovables y Mercado El\u00e9ctrico, cargo dependiente de la secretar\u00eda de Energ\u00eda. Se trata del contador Juan Antonio Garade, quien se desempe\u00f1aba en&#8230;<\/p>\n","protected":false},"author":3,"featured_media":41037,"comment_status":"closed","ping_status":"closed","sticky":false,"template":"","format":"standard","meta":[],"categories":[18],"tags":[],"_links":{"self":[{"href":"https:\/\/www.actualidadadiario.com\/index.php\/wp-json\/wp\/v2\/posts\/41036"}],"collection":[{"href":"https:\/\/www.actualidadadiario.com\/index.php\/wp-json\/wp\/v2\/posts"}],"about":[{"href":"https:\/\/www.actualidadadiario.com\/index.php\/wp-json\/wp\/v2\/types\/post"}],"author":[{"embeddable":true,"href":"https:\/\/www.actualidadadiario.com\/index.php\/wp-json\/wp\/v2\/users\/3"}],"replies":[{"embeddable":true,"href":"https:\/\/www.actualidadadiario.com\/index.php\/wp-json\/wp\/v2\/comments?post=41036"}],"version-history":[{"count":1,"href":"https:\/\/www.actualidadadiario.com\/index.php\/wp-json\/wp\/v2\/posts\/41036\/revisions"}],"predecessor-version":[{"id":41038,"href":"https:\/\/www.actualidadadiario.com\/index.php\/wp-json\/wp\/v2\/posts\/41036\/revisions\/41038"}],"wp:featuredmedia":[{"embeddable":true,"href":"https:\/\/www.actualidadadiario.com\/index.php\/wp-json\/wp\/v2\/media\/41037"}],"wp:attachment":[{"href":"https:\/\/www.actualidadadiario.com\/index.php\/wp-json\/wp\/v2\/media?parent=41036"}],"wp:term":[{"taxonomy":"category","embeddable":true,"href":"https:\/\/www.actualidadadiario.com\/index.php\/wp-json\/wp\/v2\/categories?post=41036"},{"taxonomy":"post_tag","embeddable":true,"href":"https:\/\/www.actualidadadiario.com\/index.php\/wp-json\/wp\/v2\/tags?post=41036"}],"curies":[{"name":"wp","href":"https:\/\/api.w.org\/{rel}","templated":true}]}}