{"id":41033,"date":"2019-02-27T13:00:47","date_gmt":"2019-02-27T16:00:47","guid":{"rendered":"https:\/\/www.actualidadadiario.com\/?p=41033"},"modified":"2019-05-06T20:50:15","modified_gmt":"2019-05-06T23:50:15","slug":"tarifazos-si-siguen-los-aumentos-vamos-a-promover-el-no-pago-de-los-servicios","status":"publish","type":"post","link":"https:\/\/www.actualidadadiario.com\/index.php\/2019\/02\/27\/tarifazos-si-siguen-los-aumentos-vamos-a-promover-el-no-pago-de-los-servicios\/","title":{"rendered":"Tarifazos: &#8220;Si siguen los aumentos vamos a promover el no pago de los servicios&#8221;"},"content":{"rendered":"<p><em><strong>As\u00ed lo impuls\u00f3 el secretario general de la Confederaci\u00f3n Argentina de Trabajadores del Transporte (CATT), Juan Carlos Schmid. Adem\u00e1s, otros sindicalistas, intendentes y referentes sociales tambi\u00e9n repudiaron los aumentos<\/strong><\/em><\/p>\n<p>&nbsp;<\/p>\n<p>&nbsp;<\/p>\n<p>&nbsp;<\/p>\n<p>El secretario general de la Confederaci\u00f3n Argentina de Trabajadores del Transporte (CATT), Juan Carlos Schmid, sostuvo que &#8220;si siguen los aumentos y no hay una revisi\u00f3n del cuadro vamos a promover el no pago de los servicios&#8221;.<\/p>\n<p>Agreg\u00f3 que &#8220;vamos a interpelar al conjunto del pueblo para que ac\u00e1 haya una reacci\u00f3n y que se dejen de seguir masticando bronca en la casa&#8221;.<\/p>\n<p>En declaraciones a FM La Patriada, advirti\u00f3 que &#8220;la situaci\u00f3n hoy est\u00e1 agravada&#8221; y &#8220;creo que tiene que haber una reacci\u00f3n mucho mayor por parte de la ciudadan\u00eda&#8221;.<\/p>\n<p>&#8220;Nadie sabe lo que est\u00e1n pagando y como se hace la conformaci\u00f3n del precio de la electricidad&#8221;, dijo el dirigente.<\/p>\n<p>Remarc\u00f3 que &#8220;el elemento tarifario es un elemento clave de la inflaci\u00f3n, eso se traslada autom\u00e1ticamente a los precios&#8221;.<\/p>\n<p>&#8220;Uno no puede creer en las pautas que anuncia el Gobierno. El a\u00f1o pasado terminamos con un 50% (de inflaci\u00f3n), la realidad es que lo que se\u00f1ala el gobierno en materia inflacionaria me tiene sin cuidado&#8221;, agreg\u00f3.<\/p>\n<p>Por su parte, otros sindicalistas, intendentes peronistas del conurbano y referentes de organizaciones sociales confluyeron en una audiencia que organizaron para repudiar el mega tarifazo macrista.<\/p>\n<p>Los intendentes Fernando Gray (Esteban Echeverr\u00eda), Ver\u00f3nica Magario (La Matanza) y Gabriel Katopodis (San Mart\u00edn); los precandidatos presidenciales peronistas Felipe Sol\u00e1 y Agust\u00edn Rossi; y los dirigentes Roberto Baradel (SUTEBA), Walter Correa (Curtidores) y Hugo Yasky (CTA), rechazaron los aumentos.<\/p>\n<p>Bajo el lema &#8220;Tarifas justas&#8221;, Sol\u00e1 advirti\u00f3 que &#8220;las empresas prometieron inversiones y obras, no cumplieron, no mejoraron el servicio y siguen aumentando el precio&#8221;.<\/p>\n<p>Rossi se\u00f1al\u00f3: &#8220;Dijeron que con los subsidios regal\u00e1bamos la energ\u00eda y esa es una falacia. Los subsidios significaban una redistribuci\u00f3n del ingreso&#8221;.<\/p>\n<p>Katopodis dijo que &#8220;este gobierno no va a hacer nada para arreglar esto, no sabe ni quiere hacerlo. Nosotros estamos convencidos de que podemos construir otra pa\u00eds, de la mano del trabajo, la educaci\u00f3n, la producci\u00f3n y de un proyecto para los 45 millones de argentinos&#8221;.<\/p>\n<p>Gray, presidente del PJ bonaerense se\u00f1al\u00f3: &#8220;Nuestro deber como militantes del campo nacional y popular es estar del lado del pueblo y defender el derecho de los bonaerenses a pagar tarifas justas&#8221;.<\/p>\n<p>Baradel expres\u00f3: &#8220;Uno no puede convencer a nadie si no pone el cuerpo, y los trabajadores venimos poniendo el cuerpo desde el primer d\u00eda. Le vamos a poner un freno al tarifazo, al ajuste y a este gobierno&#8221;.<\/p>\n","protected":false},"excerpt":{"rendered":"<p>As\u00ed lo impuls\u00f3 el secretario general de la Confederaci\u00f3n Argentina de Trabajadores del Transporte (CATT), Juan Carlos Schmid. Adem\u00e1s, otros sindicalistas, intendentes y referentes sociales tambi\u00e9n repudiaron los aumentos &nbsp; &nbsp; &nbsp; El secretario general de la Confederaci\u00f3n Argentina de Trabajadores del Transporte (CATT), Juan Carlos Schmid, sostuvo que &#8220;si siguen los aumentos y no hay una revisi\u00f3n del cuadro vamos a promover el no pago de los servicios&#8221;. Agreg\u00f3 que &#8220;vamos a interpelar al conjunto del pueblo para que ac\u00e1 haya una reacci\u00f3n y que se dejen de seguir&#8230;<\/p>\n","protected":false},"author":3,"featured_media":41034,"comment_status":"closed","ping_status":"closed","sticky":false,"template":"","format":"standard","meta":[],"categories":[18],"tags":[],"_links":{"self":[{"href":"https:\/\/www.actualidadadiario.com\/index.php\/wp-json\/wp\/v2\/posts\/41033"}],"collection":[{"href":"https:\/\/www.actualidadadiario.com\/index.php\/wp-json\/wp\/v2\/posts"}],"about":[{"href":"https:\/\/www.actualidadadiario.com\/index.php\/wp-json\/wp\/v2\/types\/post"}],"author":[{"embeddable":true,"href":"https:\/\/www.actualidadadiario.com\/index.php\/wp-json\/wp\/v2\/users\/3"}],"replies":[{"embeddable":true,"href":"https:\/\/www.actualidadadiario.com\/index.php\/wp-json\/wp\/v2\/comments?post=41033"}],"version-history":[{"count":1,"href":"https:\/\/www.actualidadadiario.com\/index.php\/wp-json\/wp\/v2\/posts\/41033\/revisions"}],"predecessor-version":[{"id":41035,"href":"https:\/\/www.actualidadadiario.com\/index.php\/wp-json\/wp\/v2\/posts\/41033\/revisions\/41035"}],"wp:featuredmedia":[{"embeddable":true,"href":"https:\/\/www.actualidadadiario.com\/index.php\/wp-json\/wp\/v2\/media\/41034"}],"wp:attachment":[{"href":"https:\/\/www.actualidadadiario.com\/index.php\/wp-json\/wp\/v2\/media?parent=41033"}],"wp:term":[{"taxonomy":"category","embeddable":true,"href":"https:\/\/www.actualidadadiario.com\/index.php\/wp-json\/wp\/v2\/categories?post=41033"},{"taxonomy":"post_tag","embeddable":true,"href":"https:\/\/www.actualidadadiario.com\/index.php\/wp-json\/wp\/v2\/tags?post=41033"}],"curies":[{"name":"wp","href":"https:\/\/api.w.org\/{rel}","templated":true}]}}