{"id":41030,"date":"2019-02-27T12:59:54","date_gmt":"2019-02-27T15:59:54","guid":{"rendered":"https:\/\/www.actualidadadiario.com\/?p=41030"},"modified":"2019-05-06T20:55:53","modified_gmt":"2019-05-06T23:55:53","slug":"de-vuelta-al-pago-despues-de-diez-anos-sola-se-mostro-de-nuevo-con-cristina","status":"publish","type":"post","link":"https:\/\/www.actualidadadiario.com\/index.php\/2019\/02\/27\/de-vuelta-al-pago-despues-de-diez-anos-sola-se-mostro-de-nuevo-con-cristina\/","title":{"rendered":"De vuelta al pago: despu\u00e9s de diez a\u00f1os, Sol\u00e1 se mostr\u00f3 de nuevo con Cristina"},"content":{"rendered":"<p><em><strong>El ex gobernador dijo que le pidi\u00f3 una reuni\u00f3n a la ex presidenta porque es &#8220;la dirigente opositora con mayor peso pol\u00edtico electoral&#8221;<\/strong><\/em><\/p>\n<p>&nbsp;<\/p>\n<p>&nbsp;<\/p>\n<p>&nbsp;<\/p>\n<p>Cristina Kirchner y Felipe Sol\u00e1 oficializaron su acercamiento electoral mostr\u00e1ndose juntos en una foto despu\u00e9s de m\u00e1s de 10 a\u00f1os. El encuentro que sostuvieron este lunes en el departamento de la ex presidenta se prolong\u00f3 durante aproximadamente una hora.<\/p>\n<p>&#8220;Le ped\u00ed a Cristina una reuni\u00f3n porque es la dirigente de la oposici\u00f3n con mayor peso pol\u00edtico electoral y necesitamos decirle a la sociedad cu\u00e1l es la agenda de la unidad&#8221;, manifest\u00f3 el ex gobernador bonaerense a trav\u00e9s de su cuenta en la red social Twitter.<\/p>\n<p>&#8220;Le manifest\u00e9 a Cristina la obligaci\u00f3n de ser amplios en la convocatoria y extender los m\u00e1rgenes. Hay que priorizar los desaf\u00edos del futuro y no las diferencias del pasado&#8221;, expres\u00f3 Sol\u00e1, quien por ahora se mantiene como precandidato presidencial.<\/p>\n<p>Tras la reuni\u00f3n, el actual diputado reiter\u00f3 su llamado a la unidad la unidad y advirti\u00f3: &#8220;Para que en octubre vuelvan a ganar el pueblo, los trabajadores y la clase media no hay lugar para egos ni mezquindades personales&#8221;.<\/p>\n<p>La \u00faltima vez que ambos dirigentes se hab\u00edan mostrado en p\u00fablico hab\u00eda sido en 2007, cuando Sol\u00e1 era gobernador y Cristina Kirchner, candidata a presidenta.<\/p>\n<p>Aquel a\u00f1o, Sol\u00e1 no tuvo suficiente apoyo para reformar o reinterpretar la Constituci\u00f3n bonaerense e ir por un nuevo mandato en la provincia, de modo que encabez\u00f3 la lista de diputados nacionales por ese distrito, pero luego se qued\u00f3 &#8220;sin nada&#8221; en el reparto, cuando en general quienes van primeros en esa n\u00f3mina suelen tener importantes cargos en el c\u00e1mara baja o en su bloque.<\/p>\n<p>Un a\u00f1o despu\u00e9s, el conflicto con las patronales agropecuarias alrededor de la c\u00e9lebre resoluci\u00f3n 125 dictada por el entonces ministro de Econom\u00eda, Mart\u00edn Loustear, termin\u00f3 de alejar a Sol\u00e1 del kirchnerismo.<\/p>\n","protected":false},"excerpt":{"rendered":"<p>El ex gobernador dijo que le pidi\u00f3 una reuni\u00f3n a la ex presidenta porque es &#8220;la dirigente opositora con mayor peso pol\u00edtico electoral&#8221; &nbsp; &nbsp; &nbsp; Cristina Kirchner y Felipe Sol\u00e1 oficializaron su acercamiento electoral mostr\u00e1ndose juntos en una foto despu\u00e9s de m\u00e1s de 10 a\u00f1os. El encuentro que sostuvieron este lunes en el departamento de la ex presidenta se prolong\u00f3 durante aproximadamente una hora. &#8220;Le ped\u00ed a Cristina una reuni\u00f3n porque es la dirigente de la oposici\u00f3n con mayor peso pol\u00edtico electoral y necesitamos decirle a la sociedad cu\u00e1l&#8230;<\/p>\n","protected":false},"author":3,"featured_media":41031,"comment_status":"closed","ping_status":"closed","sticky":false,"template":"","format":"standard","meta":[],"categories":[9],"tags":[],"_links":{"self":[{"href":"https:\/\/www.actualidadadiario.com\/index.php\/wp-json\/wp\/v2\/posts\/41030"}],"collection":[{"href":"https:\/\/www.actualidadadiario.com\/index.php\/wp-json\/wp\/v2\/posts"}],"about":[{"href":"https:\/\/www.actualidadadiario.com\/index.php\/wp-json\/wp\/v2\/types\/post"}],"author":[{"embeddable":true,"href":"https:\/\/www.actualidadadiario.com\/index.php\/wp-json\/wp\/v2\/users\/3"}],"replies":[{"embeddable":true,"href":"https:\/\/www.actualidadadiario.com\/index.php\/wp-json\/wp\/v2\/comments?post=41030"}],"version-history":[{"count":1,"href":"https:\/\/www.actualidadadiario.com\/index.php\/wp-json\/wp\/v2\/posts\/41030\/revisions"}],"predecessor-version":[{"id":41032,"href":"https:\/\/www.actualidadadiario.com\/index.php\/wp-json\/wp\/v2\/posts\/41030\/revisions\/41032"}],"wp:featuredmedia":[{"embeddable":true,"href":"https:\/\/www.actualidadadiario.com\/index.php\/wp-json\/wp\/v2\/media\/41031"}],"wp:attachment":[{"href":"https:\/\/www.actualidadadiario.com\/index.php\/wp-json\/wp\/v2\/media?parent=41030"}],"wp:term":[{"taxonomy":"category","embeddable":true,"href":"https:\/\/www.actualidadadiario.com\/index.php\/wp-json\/wp\/v2\/categories?post=41030"},{"taxonomy":"post_tag","embeddable":true,"href":"https:\/\/www.actualidadadiario.com\/index.php\/wp-json\/wp\/v2\/tags?post=41030"}],"curies":[{"name":"wp","href":"https:\/\/api.w.org\/{rel}","templated":true}]}}