{"id":4103,"date":"2016-11-08T10:14:44","date_gmt":"2016-11-08T13:14:44","guid":{"rendered":"http:\/\/actualidadadiario.com\/site\/?p=4103"},"modified":"2016-11-08T10:14:44","modified_gmt":"2016-11-08T13:14:44","slug":"lombardi-reconocio-polemica-contratacion-a-majul-por-casi-1-millon","status":"publish","type":"post","link":"https:\/\/www.actualidadadiario.com\/index.php\/2016\/11\/08\/lombardi-reconocio-polemica-contratacion-a-majul-por-casi-1-millon\/","title":{"rendered":"Lombardi reconoci\u00f3 pol\u00e9mica contrataci\u00f3n a Majul por casi $ 1 mill\u00f3n"},"content":{"rendered":"<p><em><strong>El titular del Sistema Federal de Medios, Hern\u00e1n Lombardi, justific\u00f3 haber contratado a la productora televisiva del periodista Luis Majul para que realice un video sobre la historia del periodismo, por el pag\u00f3 $ 960.000, de apenas 4 minutos de duraci\u00f3n, y que fue proyectado en la feria Tecn\u00f3polis<\/strong><\/em><\/p>\n<p>&nbsp;<\/p>\n<p>&nbsp;<\/p>\n<p>&nbsp;<\/p>\n<p>&nbsp;<\/p>\n<p>&nbsp;<\/p>\n<p>&#8220;La publicaci\u00f3n no solo es correcta sino que estamos muy contentos. Lo que se compr\u00f3 es el derecho de las pasadas, no el video. Se pas\u00f3 m\u00e1s de 500 veces y se seguir\u00e1 pasando&#8221;, afirm\u00f3 Lombardi respecto a la nota publicada este s\u00e1bado por \u00e1mbito.com.<\/p>\n<p>&nbsp;<\/p>\n<p>En di\u00e1logo con radio Vorterix, el funcionario dijo que &#8220;considerando eso me parece que est\u00e1 bien&#8221; haber pagado casi $ 1.000.000 y defendi\u00f3 que se haya contratado a la productora del periodista. &#8220;Los dos directores son personas muy honorables&#8221;, afirm\u00f3 sobre Mariano Cohn y Gast\u00f3n Duprat, a cargo del video.<\/p>\n<p>&nbsp;<\/p>\n<p>Se trata de un video sobre los \u00faltimos 40 a\u00f1os de la historia del periodismo que se difundir\u00e1 en el predio de Tecn\u00f3polis. Lo curioso es que el material en cuesti\u00f3n se exhibe desde hace tiempo en la muestra &#8220;De Walsh a Lanata&#8221;, una iniciativa que Majul promueve desde su productora Margen del Mundo en el barrio porte\u00f1o de Chacarita.<\/p>\n<p>&nbsp;<\/p>\n<p>El video condensa en apenas cuatro minutos los \u00faltimos 40 a\u00f1os de periodismo argentino y fue realizado por Cohn y Duprat. Calculadora en mano, los resultados son elocuentes: $ 240 mil el minuto.<\/p>\n<p>&nbsp;<\/p>\n<p>Lombardi contrat\u00f3 a Majul a trav\u00e9s de la UNTEF (Universidad de Tres de Febrero) mediante un mecanismo similar al que se utiliz\u00f3 hasta el 10 de diciembre pasado y que tantas veces fuera denunciado por el actual Gobierno como un sistema para pagos discrecionales.<\/p>\n","protected":false},"excerpt":{"rendered":"<p>El titular del Sistema Federal de Medios, Hern\u00e1n Lombardi, justific\u00f3 haber contratado a la productora televisiva del periodista Luis Majul para que realice un video sobre la historia del periodismo, por el pag\u00f3 $ 960.000, de apenas 4 minutos de duraci\u00f3n, y que fue proyectado en la feria Tecn\u00f3polis &nbsp; &nbsp; &nbsp; &nbsp; &nbsp; &#8220;La publicaci\u00f3n no solo es correcta sino que estamos muy contentos. Lo que se compr\u00f3 es el derecho de las pasadas, no el video. Se pas\u00f3 m\u00e1s de 500 veces y se seguir\u00e1 pasando&#8221;, afirm\u00f3 Lombardi&#8230;<\/p>\n","protected":false},"author":3,"featured_media":4104,"comment_status":"closed","ping_status":"closed","sticky":false,"template":"","format":"standard","meta":[],"categories":[18],"tags":[],"_links":{"self":[{"href":"https:\/\/www.actualidadadiario.com\/index.php\/wp-json\/wp\/v2\/posts\/4103"}],"collection":[{"href":"https:\/\/www.actualidadadiario.com\/index.php\/wp-json\/wp\/v2\/posts"}],"about":[{"href":"https:\/\/www.actualidadadiario.com\/index.php\/wp-json\/wp\/v2\/types\/post"}],"author":[{"embeddable":true,"href":"https:\/\/www.actualidadadiario.com\/index.php\/wp-json\/wp\/v2\/users\/3"}],"replies":[{"embeddable":true,"href":"https:\/\/www.actualidadadiario.com\/index.php\/wp-json\/wp\/v2\/comments?post=4103"}],"version-history":[{"count":1,"href":"https:\/\/www.actualidadadiario.com\/index.php\/wp-json\/wp\/v2\/posts\/4103\/revisions"}],"predecessor-version":[{"id":4105,"href":"https:\/\/www.actualidadadiario.com\/index.php\/wp-json\/wp\/v2\/posts\/4103\/revisions\/4105"}],"wp:featuredmedia":[{"embeddable":true,"href":"https:\/\/www.actualidadadiario.com\/index.php\/wp-json\/wp\/v2\/media\/4104"}],"wp:attachment":[{"href":"https:\/\/www.actualidadadiario.com\/index.php\/wp-json\/wp\/v2\/media?parent=4103"}],"wp:term":[{"taxonomy":"category","embeddable":true,"href":"https:\/\/www.actualidadadiario.com\/index.php\/wp-json\/wp\/v2\/categories?post=4103"},{"taxonomy":"post_tag","embeddable":true,"href":"https:\/\/www.actualidadadiario.com\/index.php\/wp-json\/wp\/v2\/tags?post=4103"}],"curies":[{"name":"wp","href":"https:\/\/api.w.org\/{rel}","templated":true}]}}