{"id":41028,"date":"2019-02-27T12:19:58","date_gmt":"2019-02-27T15:19:58","guid":{"rendered":"https:\/\/www.actualidadadiario.com\/?p=41028"},"modified":"2019-05-06T20:51:26","modified_gmt":"2019-05-06T23:51:26","slug":"para-evitar-cargos-extra-la-luz-se-debera-facturar-separada-de-otros-servicios","status":"publish","type":"post","link":"https:\/\/www.actualidadadiario.com\/index.php\/2019\/02\/27\/para-evitar-cargos-extra-la-luz-se-debera-facturar-separada-de-otros-servicios\/","title":{"rendered":"Para evitar cargos extra, la luz se deber\u00e1 facturar separada de otros servicios"},"content":{"rendered":"<p><em><strong>Despu\u00e9s de una reuni\u00f3n con el presidente Mauricio Macri, la Comisi\u00f3n Nacional de Defensa de la Competencia aval\u00f3 una resoluci\u00f3n que evita cargos extras<\/strong><\/em><\/p>\n<p>&nbsp;<\/p>\n<p>&nbsp;<\/p>\n<p>La Comisi\u00f3n Nacional de Defensa de la Competencia (CNDC) aval\u00f3 ayer una resoluci\u00f3n del Instituto Nacional de Asociativismo y Econom\u00eda Social (INAES) por la cual se establece que las cooperativas que distribuyen energ\u00eda deber\u00e1n facturar por separado esa prestaci\u00f3n de otros servicios que ofrezcan. Esta medida beneficiar\u00e1 a 3,1 millones de asociados y consumidores.<\/p>\n<p>Actualmente, de las 501 cooperativas registradas en el INAES, 129 no est\u00e1n cumpliendo con esa normativa y cuentan con un plazo de 10 d\u00edas para hacerlo. Entre los conceptos ajenos al servicio el\u00e9ctrico que suelen incluirse en la misma factura se encuentran sepelio, emergencias m\u00e9dicas, bomberos, proveedur\u00eda, telefon\u00eda fija y m\u00f3vil, agua potable, internet, servicio de TV digital, gas y tasas municipales, entre otros.<\/p>\n<p>Si los consumidores prestan conformidad, las cooperativas podr\u00e1n seguir cobrando esos servicios, pero por medio de una factura distinta a la de la electricidad, informaron desde Presidencia.<\/p>\n<p>La comercializaci\u00f3n conjunta de la electricidad con otros bienes o servicios diferentes puede constituir violaciones a la Ley 27.442 de Defensa de la Competencia.<\/p>\n<p>Ayer al mediod\u00eda el presidente Mauricio Macri se hab\u00eda reunido con el titular de la Comisi\u00f3n Nacional de Defensa de la Competencia (CNDC) para darle seguimiento a ese tema.<\/p>\n<p>&nbsp;<\/p>\n<p><strong>Cooperativas con reclamos <\/strong><\/p>\n<p>El \u00faltimo aumento de las tarifas el\u00e9ctricas dispar\u00f3 reclamos no solo de los usuarios, sino de las empresas prestadoras del servicio. Es que en el Interior, lejos de la zona de concesi\u00f3n de Edenor y Edesur (Capital Federal y el conurbano bonaerense) algunas distribuidoras avisaron que si trasladan el incremento de los precios mayoristas (el costo propio de la electricidad) se cortar\u00e1 su cadena de pagos.<\/p>\n<p>Particularmente, la que llev\u00f3 la delantera fue la Cooperativa Provincial de Servicios P\u00fablicos y Comunitarios de Neuqu\u00e9n (ex Cooperativa de Agua, Luz y Fuerza -CALF-), quien desde que comenz\u00f3 2019 puso el grito en el cielo por la suba del costo de la electricidad (que compra a la Compa\u00f1\u00eda Administradora del Mercado Mayorista El\u00e9ctrico -Cammesa-), que fue de un 26% en febrero y llegar\u00e1 hasta 38,9% en total hasta agosto.<\/p>\n<p>Carlos Ciapponi, titular de CALF, coment\u00f3: &#8220;La materia prima (el costo de generar la electricidad) y los impuestos nacionales representan un 70% de la boleta en Neuqu\u00e9n&#8221;.<\/p>\n<p>&#8220;Nosotros damos facilidades de pagos a nuestros usuarios, y actualmente un 20% est\u00e1 en esa situaci\u00f3n. Si trasladamos el aumento mayorista a los clientes, esa cifra llegar\u00eda a un 50% de usuarios con atraso, lo que rompe la cadena de pagos y nos har\u00eda entrar en una deuda multimillonaria con Cammesa, que cobra intereses con la tasa pasiva de los bancos como referencia&#8221;, explic\u00f3.<\/p>\n<p>Asimismo, Ciapponi habl\u00f3 ayer en FM La Patriada y consider\u00f3: &#8220;No se puede trasladar m\u00e1s los precios a los usuarios, no lo pueden pagar. La manera en que se determina el precio de la energ\u00eda en la Secretaria de Energ\u00eda no tiene nada que ver con la realidad que vive la mayor\u00eda de los vecinos en Argentina&#8221;.<\/p>\n<p>Ciapponi, adem\u00e1s, se quej\u00f3 de que el costo de la electricidad que pagan se ajust\u00f3 en un 2500% en tres a\u00f1os. En marzo de 2016 CALF pagaba $ 6 millones para abastecer a sus usuarios, mientras que ahora abona $ 150 millones. &#8220;Es un hecho sin antecedentes&#8221;, dijo. Otro de las cr\u00edticas de Ciapponi fue la iniciativa del Gobierno de eliminar o separar en las facturas los cargos extras que adosan algunas prestatarias en el Interior, como otros servicios p\u00fablicos (agua y gas) e incluso sepelios.<\/p>\n<p>CALF ofrece en Neuqu\u00e9n sepelios en un sistema solidario por una cuota mensual familiar voluntaria (no obligatoria) de $ 100 por un servicio que, seg\u00fan su titular, cuesta $ 70.000. &#8220;Nuestro servicio de sepelios es uno de los mejores de la Argentina&#8221;, postul\u00f3.<\/p>\n","protected":false},"excerpt":{"rendered":"<p>Despu\u00e9s de una reuni\u00f3n con el presidente Mauricio Macri, la Comisi\u00f3n Nacional de Defensa de la Competencia aval\u00f3 una resoluci\u00f3n que evita cargos extras &nbsp; &nbsp; La Comisi\u00f3n Nacional de Defensa de la Competencia (CNDC) aval\u00f3 ayer una resoluci\u00f3n del Instituto Nacional de Asociativismo y Econom\u00eda Social (INAES) por la cual se establece que las cooperativas que distribuyen energ\u00eda deber\u00e1n facturar por separado esa prestaci\u00f3n de otros servicios que ofrezcan. Esta medida beneficiar\u00e1 a 3,1 millones de asociados y consumidores. Actualmente, de las 501 cooperativas registradas en el INAES, 129&#8230;<\/p>\n","protected":false},"author":3,"featured_media":22805,"comment_status":"closed","ping_status":"closed","sticky":false,"template":"","format":"standard","meta":[],"categories":[2],"tags":[],"_links":{"self":[{"href":"https:\/\/www.actualidadadiario.com\/index.php\/wp-json\/wp\/v2\/posts\/41028"}],"collection":[{"href":"https:\/\/www.actualidadadiario.com\/index.php\/wp-json\/wp\/v2\/posts"}],"about":[{"href":"https:\/\/www.actualidadadiario.com\/index.php\/wp-json\/wp\/v2\/types\/post"}],"author":[{"embeddable":true,"href":"https:\/\/www.actualidadadiario.com\/index.php\/wp-json\/wp\/v2\/users\/3"}],"replies":[{"embeddable":true,"href":"https:\/\/www.actualidadadiario.com\/index.php\/wp-json\/wp\/v2\/comments?post=41028"}],"version-history":[{"count":1,"href":"https:\/\/www.actualidadadiario.com\/index.php\/wp-json\/wp\/v2\/posts\/41028\/revisions"}],"predecessor-version":[{"id":41029,"href":"https:\/\/www.actualidadadiario.com\/index.php\/wp-json\/wp\/v2\/posts\/41028\/revisions\/41029"}],"wp:featuredmedia":[{"embeddable":true,"href":"https:\/\/www.actualidadadiario.com\/index.php\/wp-json\/wp\/v2\/media\/22805"}],"wp:attachment":[{"href":"https:\/\/www.actualidadadiario.com\/index.php\/wp-json\/wp\/v2\/media?parent=41028"}],"wp:term":[{"taxonomy":"category","embeddable":true,"href":"https:\/\/www.actualidadadiario.com\/index.php\/wp-json\/wp\/v2\/categories?post=41028"},{"taxonomy":"post_tag","embeddable":true,"href":"https:\/\/www.actualidadadiario.com\/index.php\/wp-json\/wp\/v2\/tags?post=41028"}],"curies":[{"name":"wp","href":"https:\/\/api.w.org\/{rel}","templated":true}]}}