{"id":41023,"date":"2019-02-27T12:18:37","date_gmt":"2019-02-27T15:18:37","guid":{"rendered":"https:\/\/www.actualidadadiario.com\/?p=41023"},"modified":"2019-05-06T20:53:24","modified_gmt":"2019-05-06T23:53:24","slug":"la-caida-textil-no-se-detiene-y-solo-esta-en-uso-un-tercio-de-su-capacidad","status":"publish","type":"post","link":"https:\/\/www.actualidadadiario.com\/index.php\/2019\/02\/27\/la-caida-textil-no-se-detiene-y-solo-esta-en-uso-un-tercio-de-su-capacidad\/","title":{"rendered":"La ca\u00edda textil no se detiene y s\u00f3lo est\u00e1 en uso un tercio de su capacidad"},"content":{"rendered":"<p><em><strong>La industria textil contin\u00faa profundizando su derrumbe y en diciembre tuvo una profunda ca\u00edda del 36,3%, mientras que la reducci\u00f3n de la actividad fue del 10,7% en la comparaci\u00f3n entre 2018 y 2017. De acuerdo con los datos del Indec, la contracci\u00f3n de 36,3% interanual implic\u00f3 que el sector textil fuera el segundo que m\u00e1s cay\u00f3 de todos los relevados (despu\u00e9s de &#8220;Otros equipos de transporte&#8221;). De esta manera, la producci\u00f3n acumul\u00f3 una variaci\u00f3n negativa de 10,7% en 2018, solamente por un comienzo del a\u00f1o que fue contractivo pero no &#8220;desastroso&#8221; como el segundo semestre<\/strong><\/em><\/p>\n<p>&nbsp;<\/p>\n<p>&nbsp;<\/p>\n<p>&nbsp;<\/p>\n<p>&nbsp;<\/p>\n<p>La Utilizaci\u00f3n de la Capacidad Instalada (UCI) de las f\u00e1bricas, seg\u00fan el INDEC, fue para el sector textil de s\u00f3lo el 32,3% en diciembre, con una ca\u00edda respecto de noviembre. Esta cifra se encuentra 24,3 puntos por debajo de la UCI promedio de toda la industria. En 2018, la UCI promedio general para la industria se ubic\u00f3 10,6 puntos por debajo del promedio de 2017, y 17,4 puntos por debajo de 2016.<\/p>\n<p>La ca\u00edda de la actividad en diciembre fue significativa para todos los sub-rubros del bloque textil. El segmento con peor desempe\u00f1o fue el de hilados de algod\u00f3n, que experiment\u00f3 una ca\u00edda de m\u00e1s de 45%. En el an\u00e1lisis acumulado de todo el 2018, se vio s\u00f3lo una expansi\u00f3n en el sub-rubro &#8220;preparaci\u00f3n de fibras&#8221; y todo el resto de las ramas se contrajo. El dato es m\u00e1s grave a\u00fan porque el Indec dej\u00f3 de informar el Estimador Mensual Industrial (EMI), cuya ca\u00edda acumulada al mes de noviembre era superior al 13%, por lo que se estima que con la anterior metodolog\u00eda la ca\u00edda hubiera estado por encima de esa cifra.<\/p>\n<p>De hecho, el EMI textil mostraba ca\u00eddas interanuales en todos los meses entre enero y noviembre de 2018, mientras que el nuevo IPI muestra algunos meses de expansi\u00f3n, en lo que significa una maniobra &#8220;poco clara&#8221; del Gobierno sobre las estad\u00edsticas. Estas diferencias probablemente respondan a los cambios en la composici\u00f3n del estimador, en el que se incorpor\u00f3 la medici\u00f3n de &#8220;preparaciones de fibras para uso textil&#8221;, se incorpor\u00f3 &#8220;acabado&#8221; al sub-rubro que antes s\u00f3lo conten\u00eda tejidos; y se incorpor\u00f3 la medici\u00f3n de &#8220;otros productos textiles&#8221;. En el mismo sentido, en otro de los bloques industriales de an\u00e1lisis se incorpor\u00f3 la medici\u00f3n de indumentaria y confecciones.<\/p>\n<p>Uno de los principales referentes textiles, el vicepresidente de la C\u00e1mara de Fabricantes de Medias, Dami\u00e1n Regalini, expres\u00f3 que &#8220;el gobierno no se dedica a lo importante&#8221; porque &#8220;la reforma laboral no resuelve ninguno de nuestros problemas&#8221;. &#8220;Hoy estamos ante una crisis muy severa en la que la mayor\u00eda de las empresas vendi\u00f3 todos los stocks que ten\u00eda, ve como se est\u00e1n desvalorizando los activos, no puede reinvertir, etc. Estamos trabajando para los bancos, para las energ\u00e9ticas, y lo que menos necesitamos es una reforma laboral&#8221;, sostuvo.<\/p>\n<p>El empresario pidi\u00f3 por medidas concretas para la reactivaci\u00f3n del mercado local. Otras fuentes indicaron que las pymes exportadoras no dejan de perder mercados por la falta de competitividad y &#8220;el panorama empeorar\u00e1 este a\u00f1o porque bajaron reintegros, subieron retenciones y los costos internos siguen subiendo&#8221;.<\/p>\n","protected":false},"excerpt":{"rendered":"<p>La industria textil contin\u00faa profundizando su derrumbe y en diciembre tuvo una profunda ca\u00edda del 36,3%, mientras que la reducci\u00f3n de la actividad fue del 10,7% en la comparaci\u00f3n entre 2018 y 2017. De acuerdo con los datos del Indec, la contracci\u00f3n de 36,3% interanual implic\u00f3 que el sector textil fuera el segundo que m\u00e1s cay\u00f3 de todos los relevados (despu\u00e9s de &#8220;Otros equipos de transporte&#8221;). De esta manera, la producci\u00f3n acumul\u00f3 una variaci\u00f3n negativa de 10,7% en 2018, solamente por un comienzo del a\u00f1o que fue contractivo pero no&#8230;<\/p>\n","protected":false},"author":3,"featured_media":41024,"comment_status":"closed","ping_status":"closed","sticky":false,"template":"","format":"standard","meta":[],"categories":[2],"tags":[],"_links":{"self":[{"href":"https:\/\/www.actualidadadiario.com\/index.php\/wp-json\/wp\/v2\/posts\/41023"}],"collection":[{"href":"https:\/\/www.actualidadadiario.com\/index.php\/wp-json\/wp\/v2\/posts"}],"about":[{"href":"https:\/\/www.actualidadadiario.com\/index.php\/wp-json\/wp\/v2\/types\/post"}],"author":[{"embeddable":true,"href":"https:\/\/www.actualidadadiario.com\/index.php\/wp-json\/wp\/v2\/users\/3"}],"replies":[{"embeddable":true,"href":"https:\/\/www.actualidadadiario.com\/index.php\/wp-json\/wp\/v2\/comments?post=41023"}],"version-history":[{"count":1,"href":"https:\/\/www.actualidadadiario.com\/index.php\/wp-json\/wp\/v2\/posts\/41023\/revisions"}],"predecessor-version":[{"id":41025,"href":"https:\/\/www.actualidadadiario.com\/index.php\/wp-json\/wp\/v2\/posts\/41023\/revisions\/41025"}],"wp:featuredmedia":[{"embeddable":true,"href":"https:\/\/www.actualidadadiario.com\/index.php\/wp-json\/wp\/v2\/media\/41024"}],"wp:attachment":[{"href":"https:\/\/www.actualidadadiario.com\/index.php\/wp-json\/wp\/v2\/media?parent=41023"}],"wp:term":[{"taxonomy":"category","embeddable":true,"href":"https:\/\/www.actualidadadiario.com\/index.php\/wp-json\/wp\/v2\/categories?post=41023"},{"taxonomy":"post_tag","embeddable":true,"href":"https:\/\/www.actualidadadiario.com\/index.php\/wp-json\/wp\/v2\/tags?post=41023"}],"curies":[{"name":"wp","href":"https:\/\/api.w.org\/{rel}","templated":true}]}}