{"id":41021,"date":"2019-02-27T12:18:04","date_gmt":"2019-02-27T15:18:04","guid":{"rendered":"https:\/\/www.actualidadadiario.com\/?p=41021"},"modified":"2019-05-06T20:53:30","modified_gmt":"2019-05-06T23:53:30","slug":"la-afip-postergo-oficialmente-hasta-fin-de-marzo-el-revaluo-impositivo","status":"publish","type":"post","link":"https:\/\/www.actualidadadiario.com\/index.php\/2019\/02\/27\/la-afip-postergo-oficialmente-hasta-fin-de-marzo-el-revaluo-impositivo\/","title":{"rendered":"La AFIP posterg\u00f3 oficialmente hasta fin de marzo el reval\u00fao impositivo"},"content":{"rendered":"<p><em><strong>Una Resoluci\u00f3n de la AFIP posterga oficialmente el reval\u00fao a marzo y da plazo para que las cuotas de planes de pago con adhesi\u00f3n en febrero reci\u00e9n se paguen en abril<\/strong><\/em><\/p>\n<p>&nbsp;<\/p>\n<p>&nbsp;<\/p>\n<p>Un decreto hab\u00eda alargado un mes el plazo para ingresar el reval\u00fao impositivo de bienes de uso y acciones, pero faltaba una resoluci\u00f3n de la AFIP que ejerciera efectivamente la potestad de dar un alargue de 60 d\u00edas, la que ahora fue emitida y pone la primera fecha de vencimiento el 30 de marzo.<\/p>\n<p>La Resoluci\u00f3n 4429\/19 de la AFIP publicada hoy en el Bolet\u00edn Oficial pone como \u00faltimo plazo para ingresar al reval\u00fao que tambi\u00e9n alcanza a los inmuebles que sean bienes de cambio el 30 de marzo para ejercicios que finalizaron el 31 de diciembre de 2017.<\/p>\n<p>Tambi\u00e9n dice la Resoluci\u00f3n que, con car\u00e1cter de excepci\u00f3n, las cuotas de los planes de facilidades de pago cuya adhesi\u00f3n hubiera quedado formalizada en el mes de febrero de 2019, vencer\u00e1n a partir del mes de abril de 2019, inclusive.<\/p>\n","protected":false},"excerpt":{"rendered":"<p>Una Resoluci\u00f3n de la AFIP posterga oficialmente el reval\u00fao a marzo y da plazo para que las cuotas de planes de pago con adhesi\u00f3n en febrero reci\u00e9n se paguen en abril &nbsp; &nbsp; Un decreto hab\u00eda alargado un mes el plazo para ingresar el reval\u00fao impositivo de bienes de uso y acciones, pero faltaba una resoluci\u00f3n de la AFIP que ejerciera efectivamente la potestad de dar un alargue de 60 d\u00edas, la que ahora fue emitida y pone la primera fecha de vencimiento el 30 de marzo. La Resoluci\u00f3n 4429\/19&#8230;<\/p>\n","protected":false},"author":3,"featured_media":29989,"comment_status":"closed","ping_status":"closed","sticky":false,"template":"","format":"standard","meta":[],"categories":[2],"tags":[],"_links":{"self":[{"href":"https:\/\/www.actualidadadiario.com\/index.php\/wp-json\/wp\/v2\/posts\/41021"}],"collection":[{"href":"https:\/\/www.actualidadadiario.com\/index.php\/wp-json\/wp\/v2\/posts"}],"about":[{"href":"https:\/\/www.actualidadadiario.com\/index.php\/wp-json\/wp\/v2\/types\/post"}],"author":[{"embeddable":true,"href":"https:\/\/www.actualidadadiario.com\/index.php\/wp-json\/wp\/v2\/users\/3"}],"replies":[{"embeddable":true,"href":"https:\/\/www.actualidadadiario.com\/index.php\/wp-json\/wp\/v2\/comments?post=41021"}],"version-history":[{"count":1,"href":"https:\/\/www.actualidadadiario.com\/index.php\/wp-json\/wp\/v2\/posts\/41021\/revisions"}],"predecessor-version":[{"id":41022,"href":"https:\/\/www.actualidadadiario.com\/index.php\/wp-json\/wp\/v2\/posts\/41021\/revisions\/41022"}],"wp:featuredmedia":[{"embeddable":true,"href":"https:\/\/www.actualidadadiario.com\/index.php\/wp-json\/wp\/v2\/media\/29989"}],"wp:attachment":[{"href":"https:\/\/www.actualidadadiario.com\/index.php\/wp-json\/wp\/v2\/media?parent=41021"}],"wp:term":[{"taxonomy":"category","embeddable":true,"href":"https:\/\/www.actualidadadiario.com\/index.php\/wp-json\/wp\/v2\/categories?post=41021"},{"taxonomy":"post_tag","embeddable":true,"href":"https:\/\/www.actualidadadiario.com\/index.php\/wp-json\/wp\/v2\/tags?post=41021"}],"curies":[{"name":"wp","href":"https:\/\/api.w.org\/{rel}","templated":true}]}}