{"id":41016,"date":"2019-02-27T12:16:46","date_gmt":"2019-02-27T15:16:46","guid":{"rendered":"https:\/\/www.actualidadadiario.com\/?p=41016"},"modified":"2019-05-06T20:51:27","modified_gmt":"2019-05-06T23:51:27","slug":"otro-golpe-al-bolsillo-desde-marzo-la-telefonia-celular-sube-hasta-18","status":"publish","type":"post","link":"https:\/\/www.actualidadadiario.com\/index.php\/2019\/02\/27\/otro-golpe-al-bolsillo-desde-marzo-la-telefonia-celular-sube-hasta-18\/","title":{"rendered":"Otro golpe al bolsillo: desde marzo la telefon\u00eda celular sube hasta 18%"},"content":{"rendered":"<p><em><strong>Tras el ajuste que aplic\u00f3 Personal el mes pasado, se sumar\u00e1n el mes que viene Movistar, con 18% de aumento; y en abril, Claro con 15%. Durante 2018, las tarifas de telefon\u00eda celular aumentaron 7,7 puntos porcentuales por encima de la inflaci\u00f3n<\/strong><\/em><\/p>\n<p>&nbsp;<\/p>\n<p>&nbsp;<\/p>\n<p>&nbsp;<\/p>\n<p>El bolsillo de los consumidores volver\u00e1 a sentir un nuevo golpe a partir de marzo cuando las tarifas de los servicios de telefon\u00eda m\u00f3vil aumenten hasta 18%.<\/p>\n<p>A la suba del 17% que aplic\u00f3 Personal el mes pasado le seguir\u00e1n Movistar, que aumentar\u00e1 el 18% promedio desde el viernes, y Claro, que en abril subir\u00e1 15%.<\/p>\n<p>As\u00ed volver\u00e1 a ajustarse el rubro comunicaciones en la canasta de servicios de las familias, despu\u00e9s de ser uno de los que mayores aumentos tuvieron a lo largo de 2018.<\/p>\n<p>Con una variaci\u00f3n anual del 55,3%, los servicios de comunicaciones se encarecieron 7,7 puntos porcentuales por encima de la inflaci\u00f3n promedio que releva el Indec en 2018.<\/p>\n<p>En enero pasado, comunicaciones fue el sector que registr\u00f3 mayores aumentos dentro del \u00edndice de precios al consumidor, con una suba de 7,4% respecto de diciembre pasado, m\u00e1s del doble del incremento promedio que tuvo el IPC, de 2,9%.<\/p>\n","protected":false},"excerpt":{"rendered":"<p>Tras el ajuste que aplic\u00f3 Personal el mes pasado, se sumar\u00e1n el mes que viene Movistar, con 18% de aumento; y en abril, Claro con 15%. Durante 2018, las tarifas de telefon\u00eda celular aumentaron 7,7 puntos porcentuales por encima de la inflaci\u00f3n &nbsp; &nbsp; &nbsp; El bolsillo de los consumidores volver\u00e1 a sentir un nuevo golpe a partir de marzo cuando las tarifas de los servicios de telefon\u00eda m\u00f3vil aumenten hasta 18%. A la suba del 17% que aplic\u00f3 Personal el mes pasado le seguir\u00e1n Movistar, que aumentar\u00e1 el 18%&#8230;<\/p>\n","protected":false},"author":3,"featured_media":41017,"comment_status":"closed","ping_status":"closed","sticky":false,"template":"","format":"standard","meta":[],"categories":[2],"tags":[],"_links":{"self":[{"href":"https:\/\/www.actualidadadiario.com\/index.php\/wp-json\/wp\/v2\/posts\/41016"}],"collection":[{"href":"https:\/\/www.actualidadadiario.com\/index.php\/wp-json\/wp\/v2\/posts"}],"about":[{"href":"https:\/\/www.actualidadadiario.com\/index.php\/wp-json\/wp\/v2\/types\/post"}],"author":[{"embeddable":true,"href":"https:\/\/www.actualidadadiario.com\/index.php\/wp-json\/wp\/v2\/users\/3"}],"replies":[{"embeddable":true,"href":"https:\/\/www.actualidadadiario.com\/index.php\/wp-json\/wp\/v2\/comments?post=41016"}],"version-history":[{"count":1,"href":"https:\/\/www.actualidadadiario.com\/index.php\/wp-json\/wp\/v2\/posts\/41016\/revisions"}],"predecessor-version":[{"id":41018,"href":"https:\/\/www.actualidadadiario.com\/index.php\/wp-json\/wp\/v2\/posts\/41016\/revisions\/41018"}],"wp:featuredmedia":[{"embeddable":true,"href":"https:\/\/www.actualidadadiario.com\/index.php\/wp-json\/wp\/v2\/media\/41017"}],"wp:attachment":[{"href":"https:\/\/www.actualidadadiario.com\/index.php\/wp-json\/wp\/v2\/media?parent=41016"}],"wp:term":[{"taxonomy":"category","embeddable":true,"href":"https:\/\/www.actualidadadiario.com\/index.php\/wp-json\/wp\/v2\/categories?post=41016"},{"taxonomy":"post_tag","embeddable":true,"href":"https:\/\/www.actualidadadiario.com\/index.php\/wp-json\/wp\/v2\/tags?post=41016"}],"curies":[{"name":"wp","href":"https:\/\/api.w.org\/{rel}","templated":true}]}}