{"id":41010,"date":"2019-02-27T12:15:09","date_gmt":"2019-02-27T15:15:09","guid":{"rendered":"https:\/\/www.actualidadadiario.com\/?p=41010"},"modified":"2019-05-06T20:55:26","modified_gmt":"2019-05-06T23:55:26","slug":"el-cierre-de-listas-fue-dificultoso-y-largo-admitio-juan-manuel-huss","status":"publish","type":"post","link":"https:\/\/www.actualidadadiario.com\/index.php\/2019\/02\/27\/el-cierre-de-listas-fue-dificultoso-y-largo-admitio-juan-manuel-huss\/","title":{"rendered":"El cierre de listas fue \u201cdificultoso y largo\u201d, admiti\u00f3 Juan Manuel Huss"},"content":{"rendered":"<p><em><strong>El diputado nacional y precandidato a diputado provincial por la lista que propone la reelecci\u00f3n de Gustavo Bordet, dijo adem\u00e1s que ser\u00e1 un \u201cdesaf\u00edo\u201d el trabajo en la C\u00e1mara Baja entrerriana y reconoci\u00f3 por otro lado no haber compartido visiones \u201cen temas puntales\u201d con el equipo del gobernador. Resalt\u00f3 tambi\u00e9n el \u201cgran adversario\u201d que representa para Creer Entre R\u00edos la alianza Cambiemos sobre todo por el peso del ministro del Interior Rogelio Frigerio en los municipios entrerrianos<\/strong><\/em><\/p>\n<p>&nbsp;<\/p>\n<p>&nbsp;<\/p>\n<p>Juan Manuel Huss, referente de La C\u00e1mpora, es uno de los precandidatos a diputados provinciales por el frente oficialista Creer Entre R\u00edos.<\/p>\n<p>Consultado sobre las negociaciones que le permitieron llegar a un lugar en esa lista, dijo entender que todo proceso de cierre \u201cgenera tensiones\u201d y admiti\u00f3 que se trat\u00f3 de un tema \u201cdificultoso y largo\u201d porque \u201cdentro del frente existen diferentes matices de p\u00fablico conocimiento\u201d, frente a lo cual \u201ccreemos que lo importante de esta unidad a la que se lleg\u00f3 tiene que ver con la responsabilidad de muchos hombres y mujeres en zanjar estas diferencias y darle a la ciudadan\u00eda una propuesta muy potente\u201d.<\/p>\n<p>De cara a las PASO del 14 de abril, consider\u00f3 que su espacio \u201cdeber\u00e1 enfrentar a un gran adversario que viene con un aparato estatal nacional fuerte y con una figura como la del ministro del Interior Rogelio Frigerio que se siente mucho en los municipios gobernados por Cambiemos\u201d.<\/p>\n<p>\u201cAnte las dificultades del pueblo la unidad es una camino necesario\u201d, defini\u00f3 despu\u00e9s Huss en declaraciones al programa \u201cEsto que se dice\u201d por la FM Municipal Radio Costa Paran\u00e1 y adelant\u00f3 que de acceder a la banca el trabajo en la C\u00e1mara Baja entrerriana \u201cser\u00e1 el mayor desaf\u00edo que debemos tener en cuenta\u201d.<\/p>\n<p>\u201cCreo firmemente en las convicciones, tengo mis convicciones y tengo claro cu\u00e1l es el rol que uno tiene que expresar. No hemos compartido visiones en temas puntales con el equipo del gobernador y esperamos que el contexto en la provincia sea distinto del nacional\u201d, expres\u00f3.<\/p>\n","protected":false},"excerpt":{"rendered":"<p>El diputado nacional y precandidato a diputado provincial por la lista que propone la reelecci\u00f3n de Gustavo Bordet, dijo adem\u00e1s que ser\u00e1 un \u201cdesaf\u00edo\u201d el trabajo en la C\u00e1mara Baja entrerriana y reconoci\u00f3 por otro lado no haber compartido visiones \u201cen temas puntales\u201d con el equipo del gobernador. Resalt\u00f3 tambi\u00e9n el \u201cgran adversario\u201d que representa para Creer Entre R\u00edos la alianza Cambiemos sobre todo por el peso del ministro del Interior Rogelio Frigerio en los municipios entrerrianos &nbsp; &nbsp; Juan Manuel Huss, referente de La C\u00e1mpora, es uno de los&#8230;<\/p>\n","protected":false},"author":3,"featured_media":41011,"comment_status":"closed","ping_status":"closed","sticky":false,"template":"","format":"standard","meta":[],"categories":[15],"tags":[],"_links":{"self":[{"href":"https:\/\/www.actualidadadiario.com\/index.php\/wp-json\/wp\/v2\/posts\/41010"}],"collection":[{"href":"https:\/\/www.actualidadadiario.com\/index.php\/wp-json\/wp\/v2\/posts"}],"about":[{"href":"https:\/\/www.actualidadadiario.com\/index.php\/wp-json\/wp\/v2\/types\/post"}],"author":[{"embeddable":true,"href":"https:\/\/www.actualidadadiario.com\/index.php\/wp-json\/wp\/v2\/users\/3"}],"replies":[{"embeddable":true,"href":"https:\/\/www.actualidadadiario.com\/index.php\/wp-json\/wp\/v2\/comments?post=41010"}],"version-history":[{"count":1,"href":"https:\/\/www.actualidadadiario.com\/index.php\/wp-json\/wp\/v2\/posts\/41010\/revisions"}],"predecessor-version":[{"id":41012,"href":"https:\/\/www.actualidadadiario.com\/index.php\/wp-json\/wp\/v2\/posts\/41010\/revisions\/41012"}],"wp:featuredmedia":[{"embeddable":true,"href":"https:\/\/www.actualidadadiario.com\/index.php\/wp-json\/wp\/v2\/media\/41011"}],"wp:attachment":[{"href":"https:\/\/www.actualidadadiario.com\/index.php\/wp-json\/wp\/v2\/media?parent=41010"}],"wp:term":[{"taxonomy":"category","embeddable":true,"href":"https:\/\/www.actualidadadiario.com\/index.php\/wp-json\/wp\/v2\/categories?post=41010"},{"taxonomy":"post_tag","embeddable":true,"href":"https:\/\/www.actualidadadiario.com\/index.php\/wp-json\/wp\/v2\/tags?post=41010"}],"curies":[{"name":"wp","href":"https:\/\/api.w.org\/{rel}","templated":true}]}}