{"id":41005,"date":"2019-02-27T12:13:37","date_gmt":"2019-02-27T15:13:37","guid":{"rendered":"https:\/\/www.actualidadadiario.com\/?p=41005"},"modified":"2019-05-06T20:50:22","modified_gmt":"2019-05-06T23:50:22","slug":"solanas-los-salarios-una-vez-mas-victimas-de-los-tarifazos","status":"publish","type":"post","link":"https:\/\/www.actualidadadiario.com\/index.php\/2019\/02\/27\/solanas-los-salarios-una-vez-mas-victimas-de-los-tarifazos\/","title":{"rendered":"Solanas: \u201cLos salarios una vez m\u00e1s v\u00edctimas de los tarifazos\u201d"},"content":{"rendered":"<p><em><strong>Ante una bater\u00eda de nuevos aumentos de tarifas anunciados, el diputado nacional Julio Rodolfo Solanas (FpV \u2013 Entre R\u00edos) asegur\u00f3 que los salarios y las jubilaciones \u201chan quedado diezmadas y postergadas frente a los aumentos de tarifas, lo cual implica en la pr\u00e1ctica, una p\u00e9rdida significativa de ingresos que impacta a\u00fan m\u00e1s en el poder de compra\u201d<\/strong><\/em><\/p>\n<p>&nbsp;<\/p>\n<p>&nbsp;<\/p>\n<p>&nbsp;<\/p>\n<p>Adem\u00e1s, el diputado ha propuesto que las Provincias recuperen las Audiencias P\u00fablicas federales \u201ccomo herramienta que garantice la participaci\u00f3n de sus ciudadanos, y que las decisiones tengan efecto vinculante, para lograr tarifas m\u00e1s justas y equitativas. El sistema actual es inviable y perjudicial\u201d.<\/p>\n<p>Solanas sostuvo que desde comienzos de la gesti\u00f3n de Cambiemos \u201cal contrario de lo que se hab\u00eda prometido, se impulsaron fuertes alzas de gas, luz, agua y transporte; para el 2019 se proyecta aumento de tarifas del 25% para las naftas\u201d.<\/p>\n<p>\u201cMacri siempre ha tomado decisiones que han afectado los ingresos de trabajadoras y trabajadores, y jubiladas y jubilados, as\u00ed mediante la reforma previsional 6.900.000 jubilados y pensionados y 3.900.000 ni\u00f1os y ni\u00f1as fueron directamente perjudicados\u201d, se\u00f1al\u00f3 el legislador entrerriano.<\/p>\n<p>En este marco, hizo saber que \u201cSin lugar a dudas, esta combinaci\u00f3n de aumentos, anticipa un escenario muy complicado para la econom\u00eda de cada familia y de nuestros productores, provocando una profunda recesi\u00f3n\u201d.<\/p>\n<p>\u201cLa asfixiante inflaci\u00f3n, el aumento de los costos energ\u00e9ticos y de combustibles, han sido una combinaci\u00f3n letal para las econom\u00edas regionales, m\u00e1s de la mitad de los establecimientos industriales debi\u00f3 bajar considerablemente los niveles de producci\u00f3n, e incluso algunos se han paralizado\u201d finaliz\u00f3 Solanas.<\/p>\n","protected":false},"excerpt":{"rendered":"<p>Ante una bater\u00eda de nuevos aumentos de tarifas anunciados, el diputado nacional Julio Rodolfo Solanas (FpV \u2013 Entre R\u00edos) asegur\u00f3 que los salarios y las jubilaciones \u201chan quedado diezmadas y postergadas frente a los aumentos de tarifas, lo cual implica en la pr\u00e1ctica, una p\u00e9rdida significativa de ingresos que impacta a\u00fan m\u00e1s en el poder de compra\u201d &nbsp; &nbsp; &nbsp; Adem\u00e1s, el diputado ha propuesto que las Provincias recuperen las Audiencias P\u00fablicas federales \u201ccomo herramienta que garantice la participaci\u00f3n de sus ciudadanos, y que las decisiones tengan efecto vinculante, para&#8230;<\/p>\n","protected":false},"author":3,"featured_media":41006,"comment_status":"closed","ping_status":"closed","sticky":false,"template":"","format":"standard","meta":[],"categories":[15],"tags":[],"_links":{"self":[{"href":"https:\/\/www.actualidadadiario.com\/index.php\/wp-json\/wp\/v2\/posts\/41005"}],"collection":[{"href":"https:\/\/www.actualidadadiario.com\/index.php\/wp-json\/wp\/v2\/posts"}],"about":[{"href":"https:\/\/www.actualidadadiario.com\/index.php\/wp-json\/wp\/v2\/types\/post"}],"author":[{"embeddable":true,"href":"https:\/\/www.actualidadadiario.com\/index.php\/wp-json\/wp\/v2\/users\/3"}],"replies":[{"embeddable":true,"href":"https:\/\/www.actualidadadiario.com\/index.php\/wp-json\/wp\/v2\/comments?post=41005"}],"version-history":[{"count":1,"href":"https:\/\/www.actualidadadiario.com\/index.php\/wp-json\/wp\/v2\/posts\/41005\/revisions"}],"predecessor-version":[{"id":41007,"href":"https:\/\/www.actualidadadiario.com\/index.php\/wp-json\/wp\/v2\/posts\/41005\/revisions\/41007"}],"wp:featuredmedia":[{"embeddable":true,"href":"https:\/\/www.actualidadadiario.com\/index.php\/wp-json\/wp\/v2\/media\/41006"}],"wp:attachment":[{"href":"https:\/\/www.actualidadadiario.com\/index.php\/wp-json\/wp\/v2\/media?parent=41005"}],"wp:term":[{"taxonomy":"category","embeddable":true,"href":"https:\/\/www.actualidadadiario.com\/index.php\/wp-json\/wp\/v2\/categories?post=41005"},{"taxonomy":"post_tag","embeddable":true,"href":"https:\/\/www.actualidadadiario.com\/index.php\/wp-json\/wp\/v2\/tags?post=41005"}],"curies":[{"name":"wp","href":"https:\/\/api.w.org\/{rel}","templated":true}]}}