{"id":41002,"date":"2019-02-27T12:12:44","date_gmt":"2019-02-27T15:12:44","guid":{"rendered":"https:\/\/www.actualidadadiario.com\/?p=41002"},"modified":"2019-05-06T20:52:46","modified_gmt":"2019-05-06T23:52:46","slug":"la-provincia-adelanto-el-aumento-de-abril-a-marzo-llevandolo-al-10-por-ciento-mas-el-5-por-ciento-en-mayo","status":"publish","type":"post","link":"https:\/\/www.actualidadadiario.com\/index.php\/2019\/02\/27\/la-provincia-adelanto-el-aumento-de-abril-a-marzo-llevandolo-al-10-por-ciento-mas-el-5-por-ciento-en-mayo\/","title":{"rendered":"La provincia adelant\u00f3 el aumento de abril a marzo llev\u00e1ndolo al 10 por ciento m\u00e1s el 5 por ciento en mayo"},"content":{"rendered":"<p><em><strong>Con una inversi\u00f3n que por mes superar\u00e1 los 350 millones de pesos, el gobierno de Entre R\u00edos mejor\u00f3 la oferta salarial docente. Se adelantar\u00e1 el aumento del 10 por ciento a marzo y habr\u00e1 un nuevo incremento del 5 por ciento en mayo<\/strong><\/em><\/p>\n<p>&nbsp;<\/p>\n<p>&nbsp;<\/p>\n<p>Se ratifica el compromiso de actualizar el salario nuevamente conocido la inflaci\u00f3n de mayo.<\/p>\n<p>Un nuevo encuentro entre el gobierno de la provincia y los representantes de los sindicatos docentes se llev\u00f3 a cabo este martes en el Sal\u00f3n de los Gobernadores, de Casa de Gobierno. \u201cEl di\u00e1logo, para dar buenos frutos, tiene que hacerse sobre la base de la responsabilidad\u201d, sostuvo el ministro de Econom\u00eda, Hugo Ballay, y reiter\u00f3 \u201cla importancia de que los chicos est\u00e9n en las aulas\u201d.<\/p>\n<p>La reuni\u00f3n con los representes de Agmer, AMET, Sadop y UDA estuvo presidida por el ministro de Econom\u00eda, Hugo Ballay, y la presidenta del Consejo General de Educaci\u00f3n, Marta Land\u00f3. Participaron adem\u00e1s vocales y funcionarios del Consejo General de Educaci\u00f3n (CGE).<\/p>\n<p>\u201cLa inestabilidad del contexto nacional, la ca\u00edda de la actividad econ\u00f3mica y productiva que vive el pa\u00eds impacta negativamente en las cuentas p\u00fablicas. Por eso tenemos que ser doblemente cautelosos en los compromisos que asumimos con todos los sectores, y en especial con los trabajadores de la administraci\u00f3n p\u00fablica. No podemos dar aumentos que despu\u00e9s no lleguemos a afrontar. Los problemas ser\u00edan a\u00fan mayores y los que m\u00e1s sufrir\u00edan ser\u00edan los mismos trabajadores\u201d, explic\u00f3 Ballay.<\/p>\n<p>El ministro resalt\u00f3 que \u201ccada punto de salario que aumentamos implica una inversi\u00f3n de 50 millones de pesos\u201d y que \u201cen total, esta propuesta representa un incremento de m\u00e1s de 350.000 millones de pesos de inversi\u00f3n en educaci\u00f3n que hace la provincia con recursos propios\u201d. A lo que se suma, valor\u00f3 el ministro, \u201cla decisi\u00f3n de reabrir las negociaciones una vez que conozcamos la inflaci\u00f3n de mayo. Esto es muy importante\u201d.<\/p>\n<p>En esa l\u00ednea, Ballay record\u00f3 que \u201cdesde siempre el objetivo del gobernador Gustavo Bordet fue defender el salario de los trabajadores p\u00fablicos entrerrianos\u201d y reiter\u00f3 que \u201chacemos el m\u00e1ximo esfuerzo posible siempre en un marco de di\u00e1logo y respeto. Por eso le transmitimos a los representantes de los gremios la necesidad de que podamos continuar este di\u00e1logo con los chicos en las aulas\u201d.<\/p>\n<p>Por su parte, la titular del CGE, Marta Land\u00f3, record\u00f3 que \u201ceste di\u00e1logo no se produce en el vac\u00edo sino que se apoya en el trabajo serio y responsable que venimos haciendo con los representantes gremiales docentes en las distintas comisiones como infraestructura, titularizaci\u00f3n de cargos, etc\u00e9tera\u201d.<\/p>\n<p>\u201cVenimos de concretar la titularizaci\u00f3n de los cargos de 1.000 docentes, lo que se inscribe en uno de los objetivos centrales que tenemos que es profundizar la profesionalizaci\u00f3n docente porque esa es la columna vertebral de una educaci\u00f3n p\u00fablica y de calidad\u201d, remarc\u00f3.<\/p>\n<p>En ese sentido Land\u00f3 resalt\u00f3 tambi\u00e9n \u201cla importante participaci\u00f3n de docentes de toda la provincia en las jornadas regionales de educaci\u00f3n\u201d y enmarc\u00f3 su desarrollo en \u201cel profundo di\u00e1logo y compromiso con la escuela p\u00fablica que tenemos quienes nos toca ocupar roles de responsabilidad hoy en la provincia, tanto en el gobierno como en los sindicatos. Por eso creemos tan importante continuar dialogando sobre la cuesti\u00f3n salarial con los chicos en las aulas\u201d.<\/p>\n","protected":false},"excerpt":{"rendered":"<p>Con una inversi\u00f3n que por mes superar\u00e1 los 350 millones de pesos, el gobierno de Entre R\u00edos mejor\u00f3 la oferta salarial docente. Se adelantar\u00e1 el aumento del 10 por ciento a marzo y habr\u00e1 un nuevo incremento del 5 por ciento en mayo &nbsp; &nbsp; Se ratifica el compromiso de actualizar el salario nuevamente conocido la inflaci\u00f3n de mayo. Un nuevo encuentro entre el gobierno de la provincia y los representantes de los sindicatos docentes se llev\u00f3 a cabo este martes en el Sal\u00f3n de los Gobernadores, de Casa de&#8230;<\/p>\n","protected":false},"author":3,"featured_media":41003,"comment_status":"closed","ping_status":"closed","sticky":false,"template":"","format":"standard","meta":[],"categories":[9],"tags":[],"_links":{"self":[{"href":"https:\/\/www.actualidadadiario.com\/index.php\/wp-json\/wp\/v2\/posts\/41002"}],"collection":[{"href":"https:\/\/www.actualidadadiario.com\/index.php\/wp-json\/wp\/v2\/posts"}],"about":[{"href":"https:\/\/www.actualidadadiario.com\/index.php\/wp-json\/wp\/v2\/types\/post"}],"author":[{"embeddable":true,"href":"https:\/\/www.actualidadadiario.com\/index.php\/wp-json\/wp\/v2\/users\/3"}],"replies":[{"embeddable":true,"href":"https:\/\/www.actualidadadiario.com\/index.php\/wp-json\/wp\/v2\/comments?post=41002"}],"version-history":[{"count":1,"href":"https:\/\/www.actualidadadiario.com\/index.php\/wp-json\/wp\/v2\/posts\/41002\/revisions"}],"predecessor-version":[{"id":41004,"href":"https:\/\/www.actualidadadiario.com\/index.php\/wp-json\/wp\/v2\/posts\/41002\/revisions\/41004"}],"wp:featuredmedia":[{"embeddable":true,"href":"https:\/\/www.actualidadadiario.com\/index.php\/wp-json\/wp\/v2\/media\/41003"}],"wp:attachment":[{"href":"https:\/\/www.actualidadadiario.com\/index.php\/wp-json\/wp\/v2\/media?parent=41002"}],"wp:term":[{"taxonomy":"category","embeddable":true,"href":"https:\/\/www.actualidadadiario.com\/index.php\/wp-json\/wp\/v2\/categories?post=41002"},{"taxonomy":"post_tag","embeddable":true,"href":"https:\/\/www.actualidadadiario.com\/index.php\/wp-json\/wp\/v2\/tags?post=41002"}],"curies":[{"name":"wp","href":"https:\/\/api.w.org\/{rel}","templated":true}]}}