{"id":40997,"date":"2019-02-27T12:11:26","date_gmt":"2019-02-27T15:11:26","guid":{"rendered":"https:\/\/www.actualidadadiario.com\/?p=40997"},"modified":"2019-05-06T20:52:46","modified_gmt":"2019-05-06T23:52:46","slug":"la-provincia-coordina-acciones-sanitarias-y-recursos-para-fortalecer-la-atencion-primaria-en-feliciano","status":"publish","type":"post","link":"https:\/\/www.actualidadadiario.com\/index.php\/2019\/02\/27\/la-provincia-coordina-acciones-sanitarias-y-recursos-para-fortalecer-la-atencion-primaria-en-feliciano\/","title":{"rendered":"La provincia coordina acciones sanitarias y recursos para fortalecer la atenci\u00f3n primaria en Feliciano"},"content":{"rendered":"<p><em><strong>La ministra de Salud, Sonia Vel\u00e1zquez, y la intendenta de San Jos\u00e9 de Feliciano, Silvia Moreno (Frente para la Victoria), dialogaron acerca de las pr\u00f3ximas rondas sanitarias a implementarse en el norte entrerriano en beneficio de la poblaci\u00f3n<\/strong><\/em><\/p>\n<p>&nbsp;<\/p>\n<p>&nbsp;<\/p>\n<p>&nbsp;<\/p>\n<p>Para avanzar en la planificaci\u00f3n de distintos abordajes sanitarios que mejoren de manera sustantiva la accesibilidad a los servicios de salud de los habitantes del norte entrerriano, la ministra de Salud, Sonia Vel\u00e1zquez, se reuni\u00f3 con la intendenta de San Jos\u00e9 de Feliciano, Silvia Moreno, y autoridades sanitarias tanto del nivel central como del municipio.<\/p>\n<p>La titular de la cartera sanitaria resalt\u00f3 la importancia e implicancia para la salud del inicio de la obra de traslado de la laguna de tratamiento de efluentes de Feliciano, una de las grandes inversiones del gobierno provincial con fondos propios, entre muchas otras, a\u00fan en un contexto econ\u00f3mico nacional adverso.<\/p>\n<p>Durante el encuentro se avanz\u00f3 en la pr\u00f3xima implementaci\u00f3n de rondas sanitarias itinerantes e interdisciplinarias para la asistencia y abordaje intensivo de la poblaci\u00f3n en \u00e1reas rurales y centros de atenci\u00f3n primaria de la salud, urbanos o periurbanos. Adem\u00e1s se adelant\u00f3 la oportuna disposici\u00f3n de un veh\u00edculo para tal fin, y la conformaci\u00f3n de un equipo de profesionales abocados a tareas de prevenci\u00f3n y control.<\/p>\n<p>Tambi\u00e9n se entreg\u00f3 a la directora del hospital Francisco Ram\u00edrez, Marina Iruretagoyena, un aporte econ\u00f3mico de cerca de 120 mil pesos que permitir\u00e1 el arreglo del equipo de Rayos X.<\/p>\n<p>Al t\u00e9rmino de la audiencia, la intendenta de San Jos\u00e9 de Feliciano, Silvia Moreno agradeci\u00f3 el acompa\u00f1amiento de la ministra Vel\u00e1zquez dando soluciones a las distintas urgencias y emergencias mediante la articulaci\u00f3n interdisciplinaria entre el gobierno provincial y el municipio visibilizando las problem\u00e1ticas desde la prevenci\u00f3n. \u201cEs necesario un trabajo como \u00e9ste para hacer accesible la Salud a todas las familias que constituyen el departamento Feliciano\u201d, expres\u00f3.<\/p>\n<p>Respecto a las rondas sanitarias, Moreno puntualiz\u00f3 que \u201cel equipo de salud busca llegar a los lugares m\u00e1s alejados y as\u00ed mejorar la calidad de vida de los felicianenses, dando respuestas a las familias m\u00e1s carenciadas, desde un Estado que conoce el territorio\u201d.<\/p>\n<p>Participaron, adem\u00e1s, la directora general del Primer Nivel de Atenci\u00f3n, Norma Hern\u00e1ndez; la directora de Programas Especiales, Miriam Gauna y la coordinadora de Atenci\u00f3n Primaria de Salud del municipio, Gloria Ipharraguerre.<\/p>\n<p>Cabe recordar que el hospital Francisco Ram\u00edrez dispone de 71 camas y brinda servicios de: Cl\u00ednica m\u00e9dica, Maternidad, Internaci\u00f3n, Pediatr\u00eda, Guardia, Psicolog\u00eda, Geri\u00e1trico, Vacunaci\u00f3n, Nutrici\u00f3n, Fonoaudiolog\u00eda, Kinesiolog\u00eda, Control ni\u00f1os sanos, Rayos X, Odontolog\u00eda, Ecograf\u00eda, Laboratorio, Farmacia y Cardiolog\u00eda.<\/p>\n","protected":false},"excerpt":{"rendered":"<p>La ministra de Salud, Sonia Vel\u00e1zquez, y la intendenta de San Jos\u00e9 de Feliciano, Silvia Moreno (Frente para la Victoria), dialogaron acerca de las pr\u00f3ximas rondas sanitarias a implementarse en el norte entrerriano en beneficio de la poblaci\u00f3n &nbsp; &nbsp; &nbsp; Para avanzar en la planificaci\u00f3n de distintos abordajes sanitarios que mejoren de manera sustantiva la accesibilidad a los servicios de salud de los habitantes del norte entrerriano, la ministra de Salud, Sonia Vel\u00e1zquez, se reuni\u00f3 con la intendenta de San Jos\u00e9 de Feliciano, Silvia Moreno, y autoridades sanitarias tanto&#8230;<\/p>\n","protected":false},"author":3,"featured_media":40998,"comment_status":"closed","ping_status":"closed","sticky":false,"template":"","format":"standard","meta":[],"categories":[15],"tags":[],"_links":{"self":[{"href":"https:\/\/www.actualidadadiario.com\/index.php\/wp-json\/wp\/v2\/posts\/40997"}],"collection":[{"href":"https:\/\/www.actualidadadiario.com\/index.php\/wp-json\/wp\/v2\/posts"}],"about":[{"href":"https:\/\/www.actualidadadiario.com\/index.php\/wp-json\/wp\/v2\/types\/post"}],"author":[{"embeddable":true,"href":"https:\/\/www.actualidadadiario.com\/index.php\/wp-json\/wp\/v2\/users\/3"}],"replies":[{"embeddable":true,"href":"https:\/\/www.actualidadadiario.com\/index.php\/wp-json\/wp\/v2\/comments?post=40997"}],"version-history":[{"count":1,"href":"https:\/\/www.actualidadadiario.com\/index.php\/wp-json\/wp\/v2\/posts\/40997\/revisions"}],"predecessor-version":[{"id":40999,"href":"https:\/\/www.actualidadadiario.com\/index.php\/wp-json\/wp\/v2\/posts\/40997\/revisions\/40999"}],"wp:featuredmedia":[{"embeddable":true,"href":"https:\/\/www.actualidadadiario.com\/index.php\/wp-json\/wp\/v2\/media\/40998"}],"wp:attachment":[{"href":"https:\/\/www.actualidadadiario.com\/index.php\/wp-json\/wp\/v2\/media?parent=40997"}],"wp:term":[{"taxonomy":"category","embeddable":true,"href":"https:\/\/www.actualidadadiario.com\/index.php\/wp-json\/wp\/v2\/categories?post=40997"},{"taxonomy":"post_tag","embeddable":true,"href":"https:\/\/www.actualidadadiario.com\/index.php\/wp-json\/wp\/v2\/tags?post=40997"}],"curies":[{"name":"wp","href":"https:\/\/api.w.org\/{rel}","templated":true}]}}