{"id":40994,"date":"2019-02-27T12:10:51","date_gmt":"2019-02-27T15:10:51","guid":{"rendered":"https:\/\/www.actualidadadiario.com\/?p=40994"},"modified":"2019-05-06T20:50:28","modified_gmt":"2019-05-06T23:50:28","slug":"se-suspendio-la-sesion-de-diputados","status":"publish","type":"post","link":"https:\/\/www.actualidadadiario.com\/index.php\/2019\/02\/27\/se-suspendio-la-sesion-de-diputados\/","title":{"rendered":"Se suspendi\u00f3 la sesi\u00f3n de Diputados"},"content":{"rendered":"<p><em><strong>La primera sesi\u00f3n ordinaria del a\u00f1o estaba convocada para este martes a las 18, pero que finalmente qued\u00f3 suspendida. Se esperaba que Cambiemos ocupara la Vicepresidencia segunda del cuerpo, que hab\u00eda quedado trunca luego de que la bancada se retirara de la sesi\u00f3n preparatoria<\/strong><\/em><\/p>\n<p>&nbsp;<\/p>\n<p>&nbsp;<\/p>\n<p>&nbsp;<\/p>\n<p>Los diputados estaban convocados para este martes 26 de febrero a las 18, pero fuentes legislativas informaron que la sesi\u00f3n fue suspendida.<\/p>\n<p>En la primera sesi\u00f3n ordinaria del a\u00f1o se esperaba que Cambiemos definiera la designaci\u00f3n de la Vicepresidencia segunda, que hab\u00eda quedado pendiente luego de que la bancada completa se retirara del recinto durante la sesi\u00f3n preparatoria, en rechazo a la designaci\u00f3n de Sergio Urribarri en la presidencia.<\/p>\n<p>Sin embargo, Cambiemos est\u00e1 evaluando no ocupar ese lugar. Habr\u00e1 una reuni\u00f3n de los 11 diputados que suman en conjunto el PRO y la UCR en Diputados para definir si ocupan o no el lugar institucional, seg\u00fan adelant\u00f3 una alta fuente del espacio.<\/p>\n<p>De no presentar una propuesta, la C\u00e1mara debe definir esta autoridad, que podr\u00eda recaer en alguno de los bloques unipersonales que integran la C\u00e1mara.<\/p>\n","protected":false},"excerpt":{"rendered":"<p>La primera sesi\u00f3n ordinaria del a\u00f1o estaba convocada para este martes a las 18, pero que finalmente qued\u00f3 suspendida. Se esperaba que Cambiemos ocupara la Vicepresidencia segunda del cuerpo, que hab\u00eda quedado trunca luego de que la bancada se retirara de la sesi\u00f3n preparatoria &nbsp; &nbsp; &nbsp; Los diputados estaban convocados para este martes 26 de febrero a las 18, pero fuentes legislativas informaron que la sesi\u00f3n fue suspendida. En la primera sesi\u00f3n ordinaria del a\u00f1o se esperaba que Cambiemos definiera la designaci\u00f3n de la Vicepresidencia segunda, que hab\u00eda quedado&#8230;<\/p>\n","protected":false},"author":3,"featured_media":40995,"comment_status":"closed","ping_status":"closed","sticky":false,"template":"","format":"standard","meta":[],"categories":[15],"tags":[],"_links":{"self":[{"href":"https:\/\/www.actualidadadiario.com\/index.php\/wp-json\/wp\/v2\/posts\/40994"}],"collection":[{"href":"https:\/\/www.actualidadadiario.com\/index.php\/wp-json\/wp\/v2\/posts"}],"about":[{"href":"https:\/\/www.actualidadadiario.com\/index.php\/wp-json\/wp\/v2\/types\/post"}],"author":[{"embeddable":true,"href":"https:\/\/www.actualidadadiario.com\/index.php\/wp-json\/wp\/v2\/users\/3"}],"replies":[{"embeddable":true,"href":"https:\/\/www.actualidadadiario.com\/index.php\/wp-json\/wp\/v2\/comments?post=40994"}],"version-history":[{"count":1,"href":"https:\/\/www.actualidadadiario.com\/index.php\/wp-json\/wp\/v2\/posts\/40994\/revisions"}],"predecessor-version":[{"id":40996,"href":"https:\/\/www.actualidadadiario.com\/index.php\/wp-json\/wp\/v2\/posts\/40994\/revisions\/40996"}],"wp:featuredmedia":[{"embeddable":true,"href":"https:\/\/www.actualidadadiario.com\/index.php\/wp-json\/wp\/v2\/media\/40995"}],"wp:attachment":[{"href":"https:\/\/www.actualidadadiario.com\/index.php\/wp-json\/wp\/v2\/media?parent=40994"}],"wp:term":[{"taxonomy":"category","embeddable":true,"href":"https:\/\/www.actualidadadiario.com\/index.php\/wp-json\/wp\/v2\/categories?post=40994"},{"taxonomy":"post_tag","embeddable":true,"href":"https:\/\/www.actualidadadiario.com\/index.php\/wp-json\/wp\/v2\/tags?post=40994"}],"curies":[{"name":"wp","href":"https:\/\/api.w.org\/{rel}","templated":true}]}}