{"id":40991,"date":"2019-02-27T12:10:11","date_gmt":"2019-02-27T15:10:11","guid":{"rendered":"https:\/\/www.actualidadadiario.com\/?p=40991"},"modified":"2019-05-06T20:54:12","modified_gmt":"2019-05-06T23:54:12","slug":"entre-rios-participo-en-el-consejo-federal-de-justicia","status":"publish","type":"post","link":"https:\/\/www.actualidadadiario.com\/index.php\/2019\/02\/27\/entre-rios-participo-en-el-consejo-federal-de-justicia\/","title":{"rendered":"Entre R\u00edos particip\u00f3 en el Consejo Federal de Justicia"},"content":{"rendered":"<p><em><strong>El secretario de Justicia, Pablo Biaggini, asisti\u00f3 a la reuni\u00f3n del Consejo Federal de Justicia (Cofejus) y firm\u00f3 actas para la implementaci\u00f3n a nivel nacional y provincial de pol\u00edticas p\u00fablicas que permitan el recupero de activos de origen il\u00edcito, en especial de la corrupci\u00f3n o el narcotr\u00e1fico<\/strong><\/em><\/p>\n<p>&nbsp;<\/p>\n<p>&nbsp;<\/p>\n<p>&nbsp;<\/p>\n<p>La jornada se concret\u00f3 este lunes y estuvo presidida por el ministro de Justicia y Derechos Humanos de la Naci\u00f3n, Germ\u00e1n Garavano.<\/p>\n<p>\u201cEn la reuni\u00f3n realizada en Buenos Aires, la provincia ratific\u00f3 el compromiso para la implementaci\u00f3n de pol\u00edticas p\u00fablicas que permitan el recupero de activos de origen il\u00edcito, en especial provenientes de delitos de narcomenudeo y de corrupci\u00f3n\u201d, afirm\u00f3 el secretario de Justicia.<\/p>\n<p>Luego explic\u00f3 que se trata de \u201cla modalidad en la que las distintas provincias asumen que llevar\u00e1n adelante estas pol\u00edticas\u201d.<\/p>\n<p>La jornada se dividi\u00f3 en cuatro mesas de trabajo de las comisiones de Asuntos Penitenciarios, de Pol\u00edtica Criminal, de Acceso a la Justicia y de Derecho Privado, que luego expusieron sus conclusiones ante el Consejo.<\/p>\n<p>En la ocasi\u00f3n, Biaggini present\u00f3 un informe en la Comisi\u00f3n de Acceso a la Justicia, sobre la implementaci\u00f3n en Entre R\u00edos tanto de los dispositivos utilizados para el control de la prisi\u00f3n domiciliaria, as\u00ed como tambi\u00e9n de las pulseras duales, recientemente puestas a disposici\u00f3n de la Justicia entrerriana en el marco de un convenio con dicha cartera nacional, para casos de violencia de g\u00e9nero.<\/p>\n<p>La jornada se realiz\u00f3 en el Centro Cultural Haroldo Conti, de la Secretaria de Derechos Humanos y Plurarismo Cultural, en el Espacio de la Memoria de la ciudad Aut\u00f3noma de Buenos Aires.<\/p>\n<p>El Cofejus se cre\u00f3 2008 con la misi\u00f3n de concertar y coordinar las acciones de cooperaci\u00f3n entre la Naci\u00f3n, las provincias y el gobierno de la CABA para fijar pol\u00edticas comunes en materia judicial y penitenciaria. Tiene por objetivo proponer pol\u00edticas que contemplen las problem\u00e1ticas y particularidades regionales, desarrollar anteproyectos de reforma con criterios uniformes para las distintas jurisdicciones, establecer mecanismos de resoluci\u00f3n de conflictos \u00e1giles, impulsar la innovaci\u00f3n y el adelanto tecnol\u00f3gico, reglamentar est\u00e1ndares para la comunicaci\u00f3n y el intercambio de informaci\u00f3n judicial, y efectuar el seguimiento y evaluaci\u00f3n de los resultados de las pol\u00edticas y acciones propuestas.<\/p>\n<p>&nbsp;<\/p>\n<p><strong>Consejo Federal Penitenciario<\/strong><\/p>\n<p>En forma paralela, se reuni\u00f3 el Consejo Federal Penitenciario (Cofepe) que encabez\u00f3 Facundo Bargall\u00f3 Benegas, de la Subsecretar\u00eda de Asuntos Penitenciarios. Entre R\u00edos estuvo representado por el director del Servicio Penitenciario, Marcelo S\u00e1nchez.<\/p>\n","protected":false},"excerpt":{"rendered":"<p>El secretario de Justicia, Pablo Biaggini, asisti\u00f3 a la reuni\u00f3n del Consejo Federal de Justicia (Cofejus) y firm\u00f3 actas para la implementaci\u00f3n a nivel nacional y provincial de pol\u00edticas p\u00fablicas que permitan el recupero de activos de origen il\u00edcito, en especial de la corrupci\u00f3n o el narcotr\u00e1fico &nbsp; &nbsp; &nbsp; La jornada se concret\u00f3 este lunes y estuvo presidida por el ministro de Justicia y Derechos Humanos de la Naci\u00f3n, Germ\u00e1n Garavano. \u201cEn la reuni\u00f3n realizada en Buenos Aires, la provincia ratific\u00f3 el compromiso para la implementaci\u00f3n de pol\u00edticas p\u00fablicas&#8230;<\/p>\n","protected":false},"author":3,"featured_media":40992,"comment_status":"closed","ping_status":"closed","sticky":false,"template":"","format":"standard","meta":[],"categories":[15],"tags":[],"_links":{"self":[{"href":"https:\/\/www.actualidadadiario.com\/index.php\/wp-json\/wp\/v2\/posts\/40991"}],"collection":[{"href":"https:\/\/www.actualidadadiario.com\/index.php\/wp-json\/wp\/v2\/posts"}],"about":[{"href":"https:\/\/www.actualidadadiario.com\/index.php\/wp-json\/wp\/v2\/types\/post"}],"author":[{"embeddable":true,"href":"https:\/\/www.actualidadadiario.com\/index.php\/wp-json\/wp\/v2\/users\/3"}],"replies":[{"embeddable":true,"href":"https:\/\/www.actualidadadiario.com\/index.php\/wp-json\/wp\/v2\/comments?post=40991"}],"version-history":[{"count":1,"href":"https:\/\/www.actualidadadiario.com\/index.php\/wp-json\/wp\/v2\/posts\/40991\/revisions"}],"predecessor-version":[{"id":40993,"href":"https:\/\/www.actualidadadiario.com\/index.php\/wp-json\/wp\/v2\/posts\/40991\/revisions\/40993"}],"wp:featuredmedia":[{"embeddable":true,"href":"https:\/\/www.actualidadadiario.com\/index.php\/wp-json\/wp\/v2\/media\/40992"}],"wp:attachment":[{"href":"https:\/\/www.actualidadadiario.com\/index.php\/wp-json\/wp\/v2\/media?parent=40991"}],"wp:term":[{"taxonomy":"category","embeddable":true,"href":"https:\/\/www.actualidadadiario.com\/index.php\/wp-json\/wp\/v2\/categories?post=40991"},{"taxonomy":"post_tag","embeddable":true,"href":"https:\/\/www.actualidadadiario.com\/index.php\/wp-json\/wp\/v2\/tags?post=40991"}],"curies":[{"name":"wp","href":"https:\/\/api.w.org\/{rel}","templated":true}]}}