{"id":40985,"date":"2019-02-26T11:45:17","date_gmt":"2019-02-26T14:45:17","guid":{"rendered":"https:\/\/www.actualidadadiario.com\/?p=40985"},"modified":"2019-05-06T20:50:01","modified_gmt":"2019-05-06T23:50:01","slug":"uno-por-uno-todos-los-feriados-del-2019","status":"publish","type":"post","link":"https:\/\/www.actualidadadiario.com\/index.php\/2019\/02\/26\/uno-por-uno-todos-los-feriados-del-2019\/","title":{"rendered":"Uno por uno todos los feriados del 2019"},"content":{"rendered":"<p><em><strong>Habr\u00e1 fechas inamovibles, otras que se trasladar\u00e1n, d\u00edas no laborables y feriados puente<\/strong><\/em><\/p>\n<p>&nbsp;<\/p>\n<p>&nbsp;<\/p>\n<p>&nbsp;<\/p>\n<p>El calendario de feriados 2019 llega con 12 inamovibles por Carnaval, fechas patrias y celebraciones religiosas, m\u00e1s 4 que ser\u00e1n trasladados y d\u00edas no laborables. As\u00ed habr\u00e1 un un total de 8 fines de semana largos seg\u00fan lo que indic\u00f3 el Ministerio del Interior.<\/p>\n<p>Ser\u00e1n d\u00edas no laborables con fines tur\u00edsticos los lunes 8 de julio, 19 de agosto y 14 de octubre. Adem\u00e1s, el D\u00eda de la Soberan\u00eda Nacional se adelanta del mi\u00e9rcoles 20 al lunes 18 de noviembre.<\/p>\n<p>En cuanto a los feriados puente, se dar\u00e1n en los feriados de Carnaval, Semana Santa, D\u00eda del Paso a la Inmortalidad del General Mart\u00edn Miguel de G\u00fcemes; D\u00eda de la Independencia, D\u00eda del Paso a la Inmortalidad del Gral. Jos\u00e9 de San Mart\u00edn, D\u00eda del Respeto a la Diversidad Cultural y el D\u00eda de la Soberan\u00eda Nacional.<\/p>\n<p>Si bien el a\u00f1o reci\u00e9n comienza, muchos ya necesitan un descanso; para ellos el fin de semana largo m\u00e1s pr\u00f3ximo es el de Carnaval, que incluye los d\u00edas 4 y 5 de marzo que caer\u00e1n lunes y martes.<\/p>\n<p>Para que puedas organizar mini escapadas o simplemente descansar en casa, esta es la lista de feriados inamovibles:<\/p>\n<p>&nbsp;<\/p>\n<p>&#8211; 4 y 5 de marzo, Carnaval<\/p>\n<p>&#8211; 24 de marzo, D\u00eda Nacional de la Memoria por la Verdad y la Justicia<\/p>\n<p>&#8211; 2 de abril, D\u00eda del Veterano y de los Ca\u00eddos en la Guerra de Malvinas<\/p>\n<p>&#8211; 19 de abril, Viernes Santo<\/p>\n<p>&#8211; 1 de mayo, D\u00eda del Trabajador<\/p>\n<p>&#8211; 25 de mayo, D\u00eda de la Revoluci\u00f3n de Mayo<\/p>\n<p>&#8211; 20 de junio, D\u00eda Paso a la Inmortalidad del General Manuel Belgrano<\/p>\n<p>&#8211; 9 de julio, D\u00eda de la Independencia<\/p>\n<p>&#8211; 8 de diciembre, Inmaculada Concepci\u00f3n de Mar\u00eda<\/p>\n<p>&#8211; 25 de diciembre, Navidad<\/p>\n","protected":false},"excerpt":{"rendered":"<p>Habr\u00e1 fechas inamovibles, otras que se trasladar\u00e1n, d\u00edas no laborables y feriados puente &nbsp; &nbsp; &nbsp; El calendario de feriados 2019 llega con 12 inamovibles por Carnaval, fechas patrias y celebraciones religiosas, m\u00e1s 4 que ser\u00e1n trasladados y d\u00edas no laborables. As\u00ed habr\u00e1 un un total de 8 fines de semana largos seg\u00fan lo que indic\u00f3 el Ministerio del Interior. Ser\u00e1n d\u00edas no laborables con fines tur\u00edsticos los lunes 8 de julio, 19 de agosto y 14 de octubre. Adem\u00e1s, el D\u00eda de la Soberan\u00eda Nacional se adelanta del mi\u00e9rcoles&#8230;<\/p>\n","protected":false},"author":3,"featured_media":40986,"comment_status":"closed","ping_status":"closed","sticky":false,"template":"","format":"standard","meta":[],"categories":[4],"tags":[],"_links":{"self":[{"href":"https:\/\/www.actualidadadiario.com\/index.php\/wp-json\/wp\/v2\/posts\/40985"}],"collection":[{"href":"https:\/\/www.actualidadadiario.com\/index.php\/wp-json\/wp\/v2\/posts"}],"about":[{"href":"https:\/\/www.actualidadadiario.com\/index.php\/wp-json\/wp\/v2\/types\/post"}],"author":[{"embeddable":true,"href":"https:\/\/www.actualidadadiario.com\/index.php\/wp-json\/wp\/v2\/users\/3"}],"replies":[{"embeddable":true,"href":"https:\/\/www.actualidadadiario.com\/index.php\/wp-json\/wp\/v2\/comments?post=40985"}],"version-history":[{"count":1,"href":"https:\/\/www.actualidadadiario.com\/index.php\/wp-json\/wp\/v2\/posts\/40985\/revisions"}],"predecessor-version":[{"id":40987,"href":"https:\/\/www.actualidadadiario.com\/index.php\/wp-json\/wp\/v2\/posts\/40985\/revisions\/40987"}],"wp:featuredmedia":[{"embeddable":true,"href":"https:\/\/www.actualidadadiario.com\/index.php\/wp-json\/wp\/v2\/media\/40986"}],"wp:attachment":[{"href":"https:\/\/www.actualidadadiario.com\/index.php\/wp-json\/wp\/v2\/media?parent=40985"}],"wp:term":[{"taxonomy":"category","embeddable":true,"href":"https:\/\/www.actualidadadiario.com\/index.php\/wp-json\/wp\/v2\/categories?post=40985"},{"taxonomy":"post_tag","embeddable":true,"href":"https:\/\/www.actualidadadiario.com\/index.php\/wp-json\/wp\/v2\/tags?post=40985"}],"curies":[{"name":"wp","href":"https:\/\/api.w.org\/{rel}","templated":true}]}}