{"id":40982,"date":"2019-02-26T11:43:57","date_gmt":"2019-02-26T14:43:57","guid":{"rendered":"https:\/\/www.actualidadadiario.com\/?p=40982"},"modified":"2019-05-06T20:56:01","modified_gmt":"2019-05-06T23:56:01","slug":"condenaron-a-un-hombre-clave-del-vaticano-por-abuso-de-menores","status":"publish","type":"post","link":"https:\/\/www.actualidadadiario.com\/index.php\/2019\/02\/26\/condenaron-a-un-hombre-clave-del-vaticano-por-abuso-de-menores\/","title":{"rendered":"Condenaron a un hombre clave del Vaticano por abuso de menores"},"content":{"rendered":"<p><em><strong>Se trata del George Pell, tesorero de la Santa Sede, a su vez el religioso con m\u00e1s poder de la Iglesia de Australia<\/strong><\/em><\/p>\n<p>&nbsp;<\/p>\n<p>&nbsp;<\/p>\n<p>&nbsp;<\/p>\n<p>El cardenal australiano George Pell, tesorero del Vaticano y tercero en la l\u00ednea de importancia de la Santa Sede, fue encontrado culpable del delito de abuso sexual a menores.<\/p>\n<p>Pell, de 77 a\u00f1os, hasta ahora el religioso de m\u00e1s alto rango de la iglesia cat\u00f3lica de Australia, viol\u00f3 a un monaguillo de 13 a\u00f1os en la d\u00e9cada del `90 y adem\u00e1s abus\u00f3 tambi\u00e9n de otro de esa misma edad en un colegio.<\/p>\n<p>Por ambos delitos Pell podr\u00eda ser condenado a diez a\u00f1os de prisi\u00f3n, pena m\u00e1xima prevista para ese delito. La pena ser\u00e1 dada a conocer en el corto plazo.<\/p>\n<p>El veredicto fue dictado el 11 de diciembre pasado, pero reci\u00e9n dado a conocer en las \u00faltimas horas por razones de secreto legal.<\/p>\n<p>El poderoso hombre del Vaticano ya hab\u00eda atravesado procesos judiciales por presuntas violaciones en la d\u00e9cada del 70, aunque se trat\u00f3 de juicios que a trav\u00e9s de sus influencias lograron quedar en la nada.<\/p>\n<p>Por otro lado, la inminente sentencia ocurre luego de la cumbre encabezada por el Papa para dialogar sobre la epidemia de sacerdotes pederastas que afloran en todas partes del mundo d\u00eda a d\u00eda.<\/p>\n","protected":false},"excerpt":{"rendered":"<p>Se trata del George Pell, tesorero de la Santa Sede, a su vez el religioso con m\u00e1s poder de la Iglesia de Australia &nbsp; &nbsp; &nbsp; El cardenal australiano George Pell, tesorero del Vaticano y tercero en la l\u00ednea de importancia de la Santa Sede, fue encontrado culpable del delito de abuso sexual a menores. Pell, de 77 a\u00f1os, hasta ahora el religioso de m\u00e1s alto rango de la iglesia cat\u00f3lica de Australia, viol\u00f3 a un monaguillo de 13 a\u00f1os en la d\u00e9cada del `90 y adem\u00e1s abus\u00f3 tambi\u00e9n de&#8230;<\/p>\n","protected":false},"author":3,"featured_media":40983,"comment_status":"closed","ping_status":"closed","sticky":false,"template":"","format":"standard","meta":[],"categories":[4],"tags":[],"_links":{"self":[{"href":"https:\/\/www.actualidadadiario.com\/index.php\/wp-json\/wp\/v2\/posts\/40982"}],"collection":[{"href":"https:\/\/www.actualidadadiario.com\/index.php\/wp-json\/wp\/v2\/posts"}],"about":[{"href":"https:\/\/www.actualidadadiario.com\/index.php\/wp-json\/wp\/v2\/types\/post"}],"author":[{"embeddable":true,"href":"https:\/\/www.actualidadadiario.com\/index.php\/wp-json\/wp\/v2\/users\/3"}],"replies":[{"embeddable":true,"href":"https:\/\/www.actualidadadiario.com\/index.php\/wp-json\/wp\/v2\/comments?post=40982"}],"version-history":[{"count":1,"href":"https:\/\/www.actualidadadiario.com\/index.php\/wp-json\/wp\/v2\/posts\/40982\/revisions"}],"predecessor-version":[{"id":40984,"href":"https:\/\/www.actualidadadiario.com\/index.php\/wp-json\/wp\/v2\/posts\/40982\/revisions\/40984"}],"wp:featuredmedia":[{"embeddable":true,"href":"https:\/\/www.actualidadadiario.com\/index.php\/wp-json\/wp\/v2\/media\/40983"}],"wp:attachment":[{"href":"https:\/\/www.actualidadadiario.com\/index.php\/wp-json\/wp\/v2\/media?parent=40982"}],"wp:term":[{"taxonomy":"category","embeddable":true,"href":"https:\/\/www.actualidadadiario.com\/index.php\/wp-json\/wp\/v2\/categories?post=40982"},{"taxonomy":"post_tag","embeddable":true,"href":"https:\/\/www.actualidadadiario.com\/index.php\/wp-json\/wp\/v2\/tags?post=40982"}],"curies":[{"name":"wp","href":"https:\/\/api.w.org\/{rel}","templated":true}]}}