{"id":4097,"date":"2016-11-08T10:13:12","date_gmt":"2016-11-08T13:13:12","guid":{"rendered":"http:\/\/actualidadadiario.com\/site\/?p=4097"},"modified":"2016-11-08T10:13:12","modified_gmt":"2016-11-08T13:13:12","slug":"fifa-y-conmebol-comenzaron-a-delinear-el-nuevo-estatuto-de-afa","status":"publish","type":"post","link":"https:\/\/www.actualidadadiario.com\/index.php\/2016\/11\/08\/fifa-y-conmebol-comenzaron-a-delinear-el-nuevo-estatuto-de-afa\/","title":{"rendered":"FIFA y Conmebol comenzaron a delinear el nuevo estatuto de AFA"},"content":{"rendered":"<p><em><strong>La confecci\u00f3n del nuevo estatuto, las elecciones en AFA, la creaci\u00f3n de la S\u00faperliga y la reducci\u00f3n de los integrantes de la Asamblea y el Comit\u00e9 Ejecutivo se pusieron sobre la mesa de negociaciones que tendieron los representantes de FIFA, Conmebol y la Comisi\u00f3n Regularizadora en un hotel del centro porte\u00f1o, al que concurrieron como asesores el ex t\u00e9cnico C\u00e9sar Menotti, el ex \u00e1rbitro Horacio Elizondo y el ex futbolista Diego Latorre<\/strong><\/em><\/p>\n<p>&nbsp;<\/p>\n<p>&nbsp;<\/p>\n<p>&nbsp;<\/p>\n<p>&nbsp;<\/p>\n<p>&nbsp;<\/p>\n<p>Primo Corvaro, Rolf Tanner, Julia Siegenthaler y Jorge Mowinckel estuvieron en representaci\u00f3n de FIFA, mientras que la abogada paraguaya Monserrat Jim\u00e9nez y el ex presidente de Lan\u00fas, Alejandro Mar\u00f3n, lo hicieron por la Conmebol.<\/p>\n<p>&nbsp;<\/p>\n<p>Por el Comit\u00e9 de Regularizaci\u00f3n se presentaron tres de sus cuatro representantes (el tesorero Pablo Toviggino estuvo como observador), el presidente Armando P\u00e9rez, el vice Javier Med\u00edn y la secretaria Carolina Cristinziano.<\/p>\n<p>&nbsp;<\/p>\n<p>En tanto que los principales invitados de los distintos estamentos de AFA fueron Marcelo Rubio (Independiente), Ricardo Ansaldi (Newell&#8217;s), Marcelo De Luca (Estudiantes), Bartolom\u00e9 Abdala (Liga de San Luis), Sabrina Lois (f\u00fatbol femenino), Miguel Silva(Arsenal), Adri\u00e1n Zaffaroni (J. J. Urquiza) y Andr\u00e9s Urich (en representaci\u00f3n de Claudio Tapia, titular de Barracas Central).<\/p>\n<p>&nbsp;<\/p>\n<p>Tambi\u00e9n estuvieron Mariano Clar\u00eda (abogado de Boca), Juan Pablo Beacon (asesor legal del Consejo Federal), Marcelo Achile (Defensores de Belgrano), Dante Majori (presidente de la Mesa Directiva de la Primera D y representante de Yupanqui), Dar\u00edo Richarte (vicepresidente de Boca), Ra\u00fal Broglia (Rosario Central), Gonzalo Mayo (River), Daniel Onofri (Gimnasia La Plata) y Eduardo Spinosa (Banfield).<\/p>\n<p>&nbsp;<\/p>\n<p>La primera idea que se tir\u00f3 sobre la mesa fue la composici\u00f3n de la nueva asamblea, que se reducir\u00eda de 75 a 68 integrantes, con 56 componentes que representar\u00e1n a la primera divisi\u00f3n, todas las categor\u00edas de ascenso, de los torneos Federales y del Interior, que est\u00e1n comprendidos dentro del Consejo Federal, m\u00e1s otros 12 que se sumar\u00e1n bajo la denominaci\u00f3n de &#8220;inter\u00e9s extra&#8221;.<\/p>\n<p>&nbsp;<\/p>\n<p>Estos \u00faltimos ser\u00e1n dos representantes ex \u00e1rbitros, dos ex futbolistas, dos del f\u00fatbol playa, dos del f\u00fatbol femenino, dos del futsal y dos entrenadores que completar\u00e1n la composici\u00f3n de la nueva Asamblea.<\/p>\n<p>&nbsp;<\/p>\n<p>La primera reuni\u00f3n de este lunes se inici\u00f3 a las 11 en el hotel Sheraton, de Retiro, media hora despu\u00e9s de lo programado, ya que Monserrat Jim\u00e9nez vio retrasado su vuelo desde Asunci\u00f3n.<\/p>\n<p>&nbsp;<\/p>\n<p>La idea primaria es dividir a la Asamblea en tres grupos, el primero compuesto por los clubes de primera y la B Nacional; el segundo por los representantes de las categor\u00edas Primera B, C, D, torneos Federales y Ligas del Interior, y el tercero por el mencionado de &#8220;inter\u00e9s extra&#8221;.<\/p>\n<p>&nbsp;<\/p>\n<p>El segundo tema tratado pas\u00f3 por la reducci\u00f3n del Comit\u00e9 Ejecutivo, al que le quieren bajar el n\u00famero de integrantes de 45 a 15, que estos sean elegidos por la mencionada Asamblea y que uno de sus componentes sea una mujer.<\/p>\n<p>&nbsp;<\/p>\n<p>&#8220;Esto se ve\u00eda venir. El f\u00fatbol necesita cambios profundos y serios. Tiene que haber vigilancias extremas con los dirigentes en la defensa de los valores. No puede haber clubes fundidos, con deudas que sorprenden. Lo que pasa es que ac\u00e1 se firma cualquier cosa. En tu casa sab\u00e9s que a fin de mes te sacan. Ac\u00e1 no le hicieron nada a nadie porque son un desastre&#8221;, sostuvo Menotti al t\u00e9rmino de la primera reuni\u00f3n de una larga jornada en la que de lo \u00fanico que no se habl\u00f3 fue de f\u00fatbol-juego.<\/p>\n<p>&nbsp;<\/p>\n<p>&#8220;Yo trabaj\u00e9 ocho a\u00f1os en la AFA y nunca supe que ten\u00eda 45 miembros el Comit\u00e9 Ejecutivo. No lo entiendo. Cuando escucho las cosas que pasan, me parece que hay hasta una irrespetuosidad para con lo que el f\u00fatbol significa. Ac\u00e1 se destruyeron instituciones que han hecho mucho por la cultura&#8221;, enfatiz\u00f3 el &#8220;Flaco&#8221;.<\/p>\n<p>&nbsp;<\/p>\n<p>Poco despu\u00e9s de concluido este encuentro, alrededor de las 18.15 se inici\u00f3 otra reuni\u00f3n de la que participaron los presidentes de tres de los cinco clubes &#8216;grandes&#8217;, Daniel Angelici (Boca), Rodolfo D&#8217;onofrio (River) y V\u00edctor Blanco (Racing), quienes se reunieron con la Comisi\u00f3n Regularizadora, FIFA y Conmebol, para tratar la institucionalizaci\u00f3n de la AFA y la creaci\u00f3n de la S\u00faperliga.<\/p>\n<p>&nbsp;<\/p>\n<p>No asistieron ni Mat\u00edas Lammens (San Lorenzo) ni Hugo Moyano (Independiente), algo que el titular de los de Boedo adujo a que no fueron &#8220;invitados&#8221;, seg\u00fan reflej\u00f3 con una ir\u00f3nica molestia en su cuenta de Twitter.<\/p>\n<p>&nbsp;<\/p>\n<p>La idea de Corvaro es que la S\u00faperliga sea supervisada por la AFA y que en caso de ser aprobada, uno de sus integrantes entre al Comit\u00e9 Ejecutivo.<\/p>\n<p>&nbsp;<\/p>\n<p>Pero hoy por hoy tanto FIFA como Conmebol no est\u00e1n tan interesados en la S\u00faperliga sino en el estatuto de AFA y la integraci\u00f3n del Comit\u00e9 Ejecutivo.<\/p>\n<p>&nbsp;<\/p>\n<p>Sin embargo falt\u00f3 una pata fundamental de esta mesa de negociaciones y acuerdos que fue la B Nacional, que ma\u00f1ana realizar\u00e1 en el edificio afista de la calle Viamonte su habitual reuni\u00f3n de los martes.<\/p>\n<p>&nbsp;<\/p>\n<p>Su principal referente, el vicepresidente de Nueva Chicago, Daniel Ferreiro, se molest\u00f3 porque a la reuni\u00f3n de esta ma\u00f1ana &#8220;fueron invitados dirigentes del ascenso a dedo&#8221;.<\/p>\n<p>&nbsp;<\/p>\n<p>La B Nacional podr\u00eda tener su reuni\u00f3n con los representantes de FIFA, Conmebol y el Comit\u00e9 de Regularizaci\u00f3n en la ma\u00f1ana del pr\u00f3ximo mi\u00e9rcoles, ya que en horas del mediod\u00eda se terminar\u00e1n estos c\u00f3nclaves porque los dirigentes extranjeros regresar\u00e1n a sus respectivos pa\u00edses.<\/p>\n<p>&nbsp;<\/p>\n<p>Para ma\u00f1ana est\u00e1 prevista una nueva reuni\u00f3n con el objetivo de proyectar las elecciones en AFA antes de junio.<\/p>\n<p>&nbsp;<\/p>\n<p>Pero esto ser\u00e1 por la tarde y con los mismos participantes del lunes, ya que por la ma\u00f1ana los representantes de FIFA y Conmebol se reunir\u00e1n con Fernando Mar\u00edn, titular de F\u00fatbol para Todos, para tratar el tema de la televisi\u00f3n.<\/p>\n<p>&nbsp;<\/p>\n<p>Respecto de este tema todav\u00eda no se defini\u00f3 quien manejar\u00e1 los derechos de TV, si la AFA o la S\u00faperliga. Si los maneja esta \u00faltima, la condici\u00f3n es que la dirigencia afista mantenga el estatuto actual para no perder poder de representaci\u00f3n.<\/p>\n<p>&nbsp;<\/p>\n<p>El tema de la televisi\u00f3n hoy est\u00e1 concentrado en la concreci\u00f3n de las propuestas realizadas por dos oferentes, las empresas Fox y Turner, a las que se acoplar\u00eda TyC Sports como &#8216;socio local&#8217;. Los condicionamientos respecto de reducir el n\u00famero de participantes en el campeonato de primera divisi\u00f3n de 30 a 20 ser\u00e1 un punto de inflexi\u00f3n para llegar estas negociaciones a buen puerto. Este martes puede empezar a verse un panorama quiz\u00e1s un poco m\u00e1s di\u00e1fano. En todo sentido.<\/p>\n","protected":false},"excerpt":{"rendered":"<p>La confecci\u00f3n del nuevo estatuto, las elecciones en AFA, la creaci\u00f3n de la S\u00faperliga y la reducci\u00f3n de los integrantes de la Asamblea y el Comit\u00e9 Ejecutivo se pusieron sobre la mesa de negociaciones que tendieron los representantes de FIFA, Conmebol y la Comisi\u00f3n Regularizadora en un hotel del centro porte\u00f1o, al que concurrieron como asesores el ex t\u00e9cnico C\u00e9sar Menotti, el ex \u00e1rbitro Horacio Elizondo y el ex futbolista Diego Latorre &nbsp; &nbsp; &nbsp; &nbsp; &nbsp; Primo Corvaro, Rolf Tanner, Julia Siegenthaler y Jorge Mowinckel estuvieron en representaci\u00f3n de&#8230;<\/p>\n","protected":false},"author":3,"featured_media":4098,"comment_status":"closed","ping_status":"closed","sticky":false,"template":"","format":"standard","meta":[],"categories":[4],"tags":[],"_links":{"self":[{"href":"https:\/\/www.actualidadadiario.com\/index.php\/wp-json\/wp\/v2\/posts\/4097"}],"collection":[{"href":"https:\/\/www.actualidadadiario.com\/index.php\/wp-json\/wp\/v2\/posts"}],"about":[{"href":"https:\/\/www.actualidadadiario.com\/index.php\/wp-json\/wp\/v2\/types\/post"}],"author":[{"embeddable":true,"href":"https:\/\/www.actualidadadiario.com\/index.php\/wp-json\/wp\/v2\/users\/3"}],"replies":[{"embeddable":true,"href":"https:\/\/www.actualidadadiario.com\/index.php\/wp-json\/wp\/v2\/comments?post=4097"}],"version-history":[{"count":1,"href":"https:\/\/www.actualidadadiario.com\/index.php\/wp-json\/wp\/v2\/posts\/4097\/revisions"}],"predecessor-version":[{"id":4099,"href":"https:\/\/www.actualidadadiario.com\/index.php\/wp-json\/wp\/v2\/posts\/4097\/revisions\/4099"}],"wp:featuredmedia":[{"embeddable":true,"href":"https:\/\/www.actualidadadiario.com\/index.php\/wp-json\/wp\/v2\/media\/4098"}],"wp:attachment":[{"href":"https:\/\/www.actualidadadiario.com\/index.php\/wp-json\/wp\/v2\/media?parent=4097"}],"wp:term":[{"taxonomy":"category","embeddable":true,"href":"https:\/\/www.actualidadadiario.com\/index.php\/wp-json\/wp\/v2\/categories?post=4097"},{"taxonomy":"post_tag","embeddable":true,"href":"https:\/\/www.actualidadadiario.com\/index.php\/wp-json\/wp\/v2\/tags?post=4097"}],"curies":[{"name":"wp","href":"https:\/\/api.w.org\/{rel}","templated":true}]}}