{"id":40965,"date":"2019-02-26T11:38:05","date_gmt":"2019-02-26T14:38:05","guid":{"rendered":"https:\/\/www.actualidadadiario.com\/?p=40965"},"modified":"2019-05-06T20:50:02","modified_gmt":"2019-05-06T23:50:02","slug":"un-freno-a-los-reclamos-de-los-radicales","status":"publish","type":"post","link":"https:\/\/www.actualidadadiario.com\/index.php\/2019\/02\/26\/un-freno-a-los-reclamos-de-los-radicales\/","title":{"rendered":"Un freno a los reclamos de los radicales"},"content":{"rendered":"<p><em><strong>El ministro del Interior sali\u00f3 al cruce de la versi\u00f3n que daba por consensuada las PASO. Ratific\u00f3 el liderazgo de Macri<\/strong><\/em><\/p>\n<p>&nbsp;<\/p>\n<p>&nbsp;<\/p>\n<p>&nbsp;<\/p>\n<p>Rogelio Frigerio fue el encargado de salir al cruce y negar las versiones de que el macrismo le habr\u00eda habilitado a la UCR la interna de Cambiemos, que pondr\u00eda en disputa la candidatura presidencial y el liderazgo de Mauricio Macri en la alianza de Gobierno. \u201cPara nosotros, hay un l\u00edder del espacio pol\u00edtico de Cambiemos que es el Presidente que ya anunci\u00f3 que va a ir por la reelecci\u00f3n\u201d, sostuvo el ministro de Interior para desechar actitudes desafiantes. En tanto, el radicalismo \u2013con opiniones divididas- comienza a calentar su propia interna con reuniones previas a la Convenci\u00f3n Nacional, que se realizar\u00eda en Corrientes, en el mes de abril.<\/p>\n<p>De uno y otro lado de la fisura radical afirman que la fecha de la cumbre partidaria podr\u00eda influir en su decisi\u00f3n, ya se conocer\u00eda el resultado de varias elecciones provinciales y especialmente la interna cordobesa de Cambiemos: all\u00ed una lista \u201cradical pura\u201d encabezada por Ram\u00f3n Mestre, le diputar\u00e1 la candidatura a gobernador a la tr\u00edada bendecida por la Casa Rosada que lleva a Mario Negri (UCR) y completan\u00a0 H\u00e9ctor Baldassi (PRO) y Luis Juez (FC).<\/p>\n<p>Tras ratificar el liderazgo de Macri y su decisi\u00f3n de ir por la reelecci\u00f3n, Frigerio desminti\u00f3 que haya estado en discusi\u00f3n una interna en el oficialismo para disputar la candidatura presidencial. \u201cNo hemos tenido en ese espacio de discusi\u00f3n que es la mesa nacional de Cambiemos, por lo menos hasta ahora, requerimientos para analizar o debatir algunas alternativas en este sentido\u201d, precis\u00f3 el ministro y uno de los principales negociadores pol\u00edticos del Gobierno tras la reuni\u00f3n de gabinete de ayer.<\/p>\n<p>\u201cSe ha avanzado mucho en estos \u00faltimos d\u00edas en los cierre de la totalidad de las jurisdicciones del pa\u00eds y quedan solamente algunas provincias por cerrar\u201d, dijo Frigerio confiado en la negociaci\u00f3n con sus aliados y destac\u00f3 \u201clos cierres importantes en Santa Fe y Entre R\u00edos, donde se lleg\u00f3 a un acuerdo con listas de unidad\u201d. \u201cEn ambos casos los cierre han sido con candidatos a gobernador del radicalismo y vice del PRO, con listas de legisladores con presencia de todos los partidos de la coalici\u00f3n de gobierno, que en algunas provincias es m\u00e1s amplia que a nivel nacional\u201d, insisti\u00f3 el ministro sin referencias a las provincias m\u00e1s conflictivas.<\/p>\n<p>En Mendoza, el gobernador y presidente de la UCR, Alfredo Cornejo, eligi\u00f3 a un correligionario para sucederlo y desech\u00f3 al candidato macrista que quer\u00eda el Presidente. Aunque luego habilit\u00f3 la interna provincial de Cambiemos, donde el PRO deber\u00e1 trajinar para alcanzar el piso del 35 por ciento para intercalar candidatos a legisladores en la lista provincial.<\/p>\n<p>Envalentonados con el triunfo en La Pampa del radical Daniel Kroneberger sobre el macrista Carlos Mac Allister por la candidatura a gobernador envalenton\u00f3 a los radicales cordobeses que formalizaron la decisi\u00f3n de enfrentar el acuerdo sellado por la Casa Rosada. Mestre, incluso blanque\u00f3 los aprietes de funcionarios nacionales para que baje su precandidatura. \u201cDisentir, s\u00ed; escucharnos, s\u00ed; decidir entre todos, s\u00ed. Pero si nos creemos capangas para desafiarnos entre nosotros, nos atropellar\u00e1 el pasado\u201d, se quej\u00f3 ayer Negri en una entrevista a un diario cordob\u00e9s.<\/p>\n<p>Los primeros d\u00edas de marzo habr\u00e1 una minicumbre en Corrientes. All\u00ed se ver\u00e1n cara a cara Cornejo, convencido de ir a una interna presidencial con el PRO, con el juje\u00f1o Gerardo Morales, que tiene una postura contraria aunque desdobl\u00f3 la elecci\u00f3n en su provincia. Gustavo Valdez y Ricardo Colombi y ofrecieron Corrientes como territorio \u201cneutral\u201d para la discusi\u00f3n que abril.<\/p>\n","protected":false},"excerpt":{"rendered":"<p>El ministro del Interior sali\u00f3 al cruce de la versi\u00f3n que daba por consensuada las PASO. Ratific\u00f3 el liderazgo de Macri &nbsp; &nbsp; &nbsp; Rogelio Frigerio fue el encargado de salir al cruce y negar las versiones de que el macrismo le habr\u00eda habilitado a la UCR la interna de Cambiemos, que pondr\u00eda en disputa la candidatura presidencial y el liderazgo de Mauricio Macri en la alianza de Gobierno. \u201cPara nosotros, hay un l\u00edder del espacio pol\u00edtico de Cambiemos que es el Presidente que ya anunci\u00f3 que va a ir&#8230;<\/p>\n","protected":false},"author":3,"featured_media":27483,"comment_status":"closed","ping_status":"closed","sticky":false,"template":"","format":"standard","meta":[],"categories":[18],"tags":[],"_links":{"self":[{"href":"https:\/\/www.actualidadadiario.com\/index.php\/wp-json\/wp\/v2\/posts\/40965"}],"collection":[{"href":"https:\/\/www.actualidadadiario.com\/index.php\/wp-json\/wp\/v2\/posts"}],"about":[{"href":"https:\/\/www.actualidadadiario.com\/index.php\/wp-json\/wp\/v2\/types\/post"}],"author":[{"embeddable":true,"href":"https:\/\/www.actualidadadiario.com\/index.php\/wp-json\/wp\/v2\/users\/3"}],"replies":[{"embeddable":true,"href":"https:\/\/www.actualidadadiario.com\/index.php\/wp-json\/wp\/v2\/comments?post=40965"}],"version-history":[{"count":1,"href":"https:\/\/www.actualidadadiario.com\/index.php\/wp-json\/wp\/v2\/posts\/40965\/revisions"}],"predecessor-version":[{"id":40966,"href":"https:\/\/www.actualidadadiario.com\/index.php\/wp-json\/wp\/v2\/posts\/40965\/revisions\/40966"}],"wp:featuredmedia":[{"embeddable":true,"href":"https:\/\/www.actualidadadiario.com\/index.php\/wp-json\/wp\/v2\/media\/27483"}],"wp:attachment":[{"href":"https:\/\/www.actualidadadiario.com\/index.php\/wp-json\/wp\/v2\/media?parent=40965"}],"wp:term":[{"taxonomy":"category","embeddable":true,"href":"https:\/\/www.actualidadadiario.com\/index.php\/wp-json\/wp\/v2\/categories?post=40965"},{"taxonomy":"post_tag","embeddable":true,"href":"https:\/\/www.actualidadadiario.com\/index.php\/wp-json\/wp\/v2\/tags?post=40965"}],"curies":[{"name":"wp","href":"https:\/\/api.w.org\/{rel}","templated":true}]}}