{"id":40959,"date":"2019-02-26T11:36:32","date_gmt":"2019-02-26T14:36:32","guid":{"rendered":"https:\/\/www.actualidadadiario.com\/?p=40959"},"modified":"2019-05-06T20:55:27","modified_gmt":"2019-05-06T23:55:27","slug":"el-acercamiento-de-cfk-a-los-grupos-evangelicos-y-cristianos","status":"publish","type":"post","link":"https:\/\/www.actualidadadiario.com\/index.php\/2019\/02\/26\/el-acercamiento-de-cfk-a-los-grupos-evangelicos-y-cristianos\/","title":{"rendered":"El acercamiento de CFK a los grupos evang\u00e9licos y cristianos"},"content":{"rendered":"<p><em><strong>Un referente del evangelismo confirm\u00f3 que se reunir\u00e1n con la ex mandataria en el Instituto Patria. &#8220;Se empez\u00f3 a hablar de la crisis econ\u00f3mica y de las malas decisiones que hay en la materia y que perjudican a la sociedad&#8221;, adelant\u00f3. Todos los detalles de la nueva estrategia<\/strong><\/em><\/p>\n<p>&nbsp;<\/p>\n<p>&nbsp;<\/p>\n<p>&nbsp;<\/p>\n<p>&#8220;En nuestro espacio hay pa\u00f1uelos verdes y tambi\u00e9n celestes&#8221;, hab\u00eda lanzado Cristina Fern\u00e1ndez de Kirchner (CFK) en el marco de un acto en Ferro y poco tiempo despu\u00e9s del debate legislativo por el aborto seguro, legal y gratuito, en el que vot\u00f3 a favor. Ahora, esa amplitud empieza a materializarse en c\u00f3digo electoral.<\/p>\n<p>El evangelista Gustavo Legname, director de Cultos de la Municipalidad de Hurlingham, confirm\u00f3 que un grupo de religiosos se reunir\u00e1 con la senadora en el Instituto Patria en los pr\u00f3ximos d\u00edas. &#8220;Se empez\u00f3 a hablar de la crisis econ\u00f3mica y de las malas decisiones que hay en la materia y que perjudican a la sociedad&#8221;, adelant\u00f3.<\/p>\n<p>&#8220;Estamos peor que en el 2001, hoy la gente tiene hambre, no puede sostener la casa, la venta de leche cay\u00f3 terriblemente, no se puede comer carne, es grav\u00edsimo lo que est\u00e1 ocurriendo con el alimento de la gente&#8221;, enfatiz\u00f3 el l\u00edder religioso.<\/p>\n<p>Legname explic\u00f3 que &#8220;un 89 por ciento de los que asisten a iglesias evang\u00e9licas se identifican con el peronismo o son hijos o nietos de peronistas&#8221;.<\/p>\n<p>El religioso record\u00f3 y ponder\u00f3 la frase de CFK: &#8220;En todos los partidos hay verdes y celestes&#8221;, y argument\u00f3 que en este contexto volver a debatir el tema del aborto &#8220;es para distraer, cuando hay temas como la comida de la gente que es a lo que tenemos que apuntar&#8221;.<\/p>\n<p>&#8220;La semana pr\u00f3xima nos reuniremos en el Instituto Patria y es uno de nuestros deseos trabajar fuerte ah\u00ed&#8221;, concluy\u00f3.<\/p>\n","protected":false},"excerpt":{"rendered":"<p>Un referente del evangelismo confirm\u00f3 que se reunir\u00e1n con la ex mandataria en el Instituto Patria. &#8220;Se empez\u00f3 a hablar de la crisis econ\u00f3mica y de las malas decisiones que hay en la materia y que perjudican a la sociedad&#8221;, adelant\u00f3. Todos los detalles de la nueva estrategia &nbsp; &nbsp; &nbsp; &#8220;En nuestro espacio hay pa\u00f1uelos verdes y tambi\u00e9n celestes&#8221;, hab\u00eda lanzado Cristina Fern\u00e1ndez de Kirchner (CFK) en el marco de un acto en Ferro y poco tiempo despu\u00e9s del debate legislativo por el aborto seguro, legal y gratuito, en&#8230;<\/p>\n","protected":false},"author":3,"featured_media":40960,"comment_status":"closed","ping_status":"closed","sticky":false,"template":"","format":"standard","meta":[],"categories":[18],"tags":[],"_links":{"self":[{"href":"https:\/\/www.actualidadadiario.com\/index.php\/wp-json\/wp\/v2\/posts\/40959"}],"collection":[{"href":"https:\/\/www.actualidadadiario.com\/index.php\/wp-json\/wp\/v2\/posts"}],"about":[{"href":"https:\/\/www.actualidadadiario.com\/index.php\/wp-json\/wp\/v2\/types\/post"}],"author":[{"embeddable":true,"href":"https:\/\/www.actualidadadiario.com\/index.php\/wp-json\/wp\/v2\/users\/3"}],"replies":[{"embeddable":true,"href":"https:\/\/www.actualidadadiario.com\/index.php\/wp-json\/wp\/v2\/comments?post=40959"}],"version-history":[{"count":1,"href":"https:\/\/www.actualidadadiario.com\/index.php\/wp-json\/wp\/v2\/posts\/40959\/revisions"}],"predecessor-version":[{"id":40961,"href":"https:\/\/www.actualidadadiario.com\/index.php\/wp-json\/wp\/v2\/posts\/40959\/revisions\/40961"}],"wp:featuredmedia":[{"embeddable":true,"href":"https:\/\/www.actualidadadiario.com\/index.php\/wp-json\/wp\/v2\/media\/40960"}],"wp:attachment":[{"href":"https:\/\/www.actualidadadiario.com\/index.php\/wp-json\/wp\/v2\/media?parent=40959"}],"wp:term":[{"taxonomy":"category","embeddable":true,"href":"https:\/\/www.actualidadadiario.com\/index.php\/wp-json\/wp\/v2\/categories?post=40959"},{"taxonomy":"post_tag","embeddable":true,"href":"https:\/\/www.actualidadadiario.com\/index.php\/wp-json\/wp\/v2\/tags?post=40959"}],"curies":[{"name":"wp","href":"https:\/\/api.w.org\/{rel}","templated":true}]}}