{"id":40951,"date":"2019-02-26T11:30:48","date_gmt":"2019-02-26T14:30:48","guid":{"rendered":"https:\/\/www.actualidadadiario.com\/?p=40951"},"modified":"2019-05-06T20:57:17","modified_gmt":"2019-05-06T23:57:17","slug":"8m-el-dia-de-la-mujer-reactivara-el-debate-por-el-aborto-en-el-congreso","status":"publish","type":"post","link":"https:\/\/www.actualidadadiario.com\/index.php\/2019\/02\/26\/8m-el-dia-de-la-mujer-reactivara-el-debate-por-el-aborto-en-el-congreso\/","title":{"rendered":"8M: El d\u00eda de la mujer reactivar\u00e1 el debate por el aborto en el Congreso"},"content":{"rendered":"<p><em><strong>Volver\u00e1n a flamear miles de pa\u00f1uelos verdes. El proyecto volver\u00eda a presentarse y el Gobierno maniobra para que no se trate. A Cristina y al PJ tampoco les entusiasma retomar la discusi\u00f3n<\/strong><\/em><\/p>\n<p>&nbsp;<\/p>\n<p>&nbsp;<\/p>\n<p>&nbsp;<\/p>\n<p>El 19 de febrero de 2018 la plaza del Congreso se cubri\u00f3 de banderas verdes que ped\u00edan tratar cuanto antes el proyecto de ley que habilita la interrupci\u00f3n del embarazo, presentado cada a\u00f1o por la Campa\u00f1a Nacional por el Aborto Legal, Seguro y Gratuito, un colectivo feminista nacido en 2003 y respaldado por diversas ONGs.<\/p>\n<p>Dejaron un anuncio: el 8 de marzo las diputadas que hab\u00edan participado de la marcha convocar\u00edan a una sesi\u00f3n especial para exponer a quienes retaceen el qu\u00f3rum. &#8220;La ley se va a tratar en alg\u00fan momento. No la vamos a poder frenar&#8221;, advirti\u00f3 Emilio Monz\u00f3 en una de las reuniones semanales de gesti\u00f3n a las que a\u00fan lo invitaban.<\/p>\n<p>Marcos Pe\u00f1a decidi\u00f3 anticiparse, lo que le m\u00e1s le gusta, y orden\u00f3 a los jefes de Cambiemos en el Congreso tratar los proyectos del aborto a final abierto. Fueron cinco meses de discursos, movilizaciones, negociaciones entre las fuerzas pol\u00edticas, una madrugada \u00e9pica con la ley aprobada en Diputados en el \u00faltimo suspiro y una noche fr\u00eda en el Senado, donde fue rechazado y todo qued\u00f3 como al principio.<\/p>\n<p>El viernes empieza un per\u00edodo ordinario de sesiones, la Campa\u00f1a podr\u00e1 presentar otra vez su proyecto para legalizar para interrumpir el embarazo y el 8 de marzo, frente al Congreso y con pa\u00f1uelos en alto, su militancia exigir\u00e1 &#8220;Aborto Legal&#8221;.<\/p>\n<p>As\u00ed lo conversaron el martes legisladores y activistas que soportaron los 40 grados de calor para conmemorar el primer aniversario de la marcha que consigui\u00f3 inquietar al jefe de Gabinete. &#8220;No podemos volver a ser 10&#8221;, advirti\u00f3 una de las diputadas verdes, molesta porque las calles no estaban abarrotadas como otros a\u00f1os.<\/p>\n<p>El Gobierno maniobra para borrar al aborto de la agenda de campa\u00f1a, en la que intentar\u00e1 reivindicar valores en torno al combate contra la corrupci\u00f3n. Tampoco le entusiasma a Cristina Kirchner, que en la conferencia de Clacso convoc\u00f3 a unir &#8220;pa\u00f1uelos celestes y verdes&#8221;, un giro al peronismo cl\u00e1sico y una distancia con los globalismos del siglo 21, nutrido de izquierdas y derechas roz\u00e1ndose en los extremos. La militancia de La C\u00e1mpora se sinti\u00f3 muy c\u00f3moda entre los primeros y su jefa mucho no les convenci\u00f3 el rol que tomaron.<\/p>\n<p>Menos quiere hablar del aborto el peronismo federal, con anclaje en el Senado, cuyos referentes como Miguel Pichetto, que vot\u00f3 a favor de la ley en agosto, gestionan con Germ\u00e1n Garavano demorar el env\u00edo C\u00f3digo Penal para no retomar la discusi\u00f3n de cu\u00e1ndo es delito interrumpir el embarazo. Con el proyecto en curso, ser\u00eda inevitable.<\/p>\n<p>Se lo plantearon a Rogelio Frigerio y Monz\u00f3 en la reuni\u00f3n que mantuvieron para diagramar la agenda parlamentaria. &#8220;Este a\u00f1o habr\u00e1 muchos temas de g\u00e9nero pero no el aborto. Nadie lo quiere en un a\u00f1o electoral&#8221;, busc\u00f3 tranquilizarlos el presidente de Diputados.<\/p>\n<p>Conf\u00eda en la cordura de sus pares, pero el control de la calle no est\u00e1 en sus manos, como supo aquella madrugada en la que temi\u00f3 desbordes si no se aprobaba la ley. El 9 de febrero, la izquierda realiz\u00f3 un plenario para organizar la marcha del 8M y en redes sociales empiezan a aparecer invitaciones para marchar.<\/p>\n<p>Las consignas no se reducen al aborto, sino a otras luchas de la mujer como el combate contra el acoso sexual y los femicidios, que s\u00ed pasar\u00e1n por el recinto o al menos por comisiones. Tambi\u00e9n se levantan pa\u00f1uelos verdes para pedir por educaci\u00f3n sexual integral, un choque con la iglesia evang\u00e9lica que irrumpi\u00f3 en el Congreso y march\u00f3 en el pa\u00eds para impedirla y ahora sum\u00f3 de\u00a0 aliado a Jair Bolsonaro.<\/p>\n<p>Los diputados celestes ten\u00edan un plan en caso que el proyecto volviera con cambios en agosto, como se especul\u00f3: proponer una consulta popular y que la gente decida c\u00f3mo resolver esta discusi\u00f3n, capaz de sacudir a las estructuras pol\u00edticas.<\/p>\n<p>El problema es que la Constituci\u00f3n impide una consulta vinculante para temas penales y por lo tanto la consulta ser\u00eda s\u00f3lo para pedirle al Congreso legislar sobre la opini\u00f3n de la gente. Demasiados pasos, para un tema que ya le pesa a mayor\u00eda de la dirigencia.<\/p>\n","protected":false},"excerpt":{"rendered":"<p>Volver\u00e1n a flamear miles de pa\u00f1uelos verdes. El proyecto volver\u00eda a presentarse y el Gobierno maniobra para que no se trate. A Cristina y al PJ tampoco les entusiasma retomar la discusi\u00f3n &nbsp; &nbsp; &nbsp; El 19 de febrero de 2018 la plaza del Congreso se cubri\u00f3 de banderas verdes que ped\u00edan tratar cuanto antes el proyecto de ley que habilita la interrupci\u00f3n del embarazo, presentado cada a\u00f1o por la Campa\u00f1a Nacional por el Aborto Legal, Seguro y Gratuito, un colectivo feminista nacido en 2003 y respaldado por diversas ONGs&#8230;.<\/p>\n","protected":false},"author":3,"featured_media":40952,"comment_status":"closed","ping_status":"closed","sticky":false,"template":"","format":"standard","meta":[],"categories":[9],"tags":[],"_links":{"self":[{"href":"https:\/\/www.actualidadadiario.com\/index.php\/wp-json\/wp\/v2\/posts\/40951"}],"collection":[{"href":"https:\/\/www.actualidadadiario.com\/index.php\/wp-json\/wp\/v2\/posts"}],"about":[{"href":"https:\/\/www.actualidadadiario.com\/index.php\/wp-json\/wp\/v2\/types\/post"}],"author":[{"embeddable":true,"href":"https:\/\/www.actualidadadiario.com\/index.php\/wp-json\/wp\/v2\/users\/3"}],"replies":[{"embeddable":true,"href":"https:\/\/www.actualidadadiario.com\/index.php\/wp-json\/wp\/v2\/comments?post=40951"}],"version-history":[{"count":1,"href":"https:\/\/www.actualidadadiario.com\/index.php\/wp-json\/wp\/v2\/posts\/40951\/revisions"}],"predecessor-version":[{"id":40953,"href":"https:\/\/www.actualidadadiario.com\/index.php\/wp-json\/wp\/v2\/posts\/40951\/revisions\/40953"}],"wp:featuredmedia":[{"embeddable":true,"href":"https:\/\/www.actualidadadiario.com\/index.php\/wp-json\/wp\/v2\/media\/40952"}],"wp:attachment":[{"href":"https:\/\/www.actualidadadiario.com\/index.php\/wp-json\/wp\/v2\/media?parent=40951"}],"wp:term":[{"taxonomy":"category","embeddable":true,"href":"https:\/\/www.actualidadadiario.com\/index.php\/wp-json\/wp\/v2\/categories?post=40951"},{"taxonomy":"post_tag","embeddable":true,"href":"https:\/\/www.actualidadadiario.com\/index.php\/wp-json\/wp\/v2\/tags?post=40951"}],"curies":[{"name":"wp","href":"https:\/\/api.w.org\/{rel}","templated":true}]}}