{"id":40940,"date":"2019-02-26T11:27:12","date_gmt":"2019-02-26T14:27:12","guid":{"rendered":"https:\/\/www.actualidadadiario.com\/?p=40940"},"modified":"2019-05-06T20:56:20","modified_gmt":"2019-05-06T23:56:20","slug":"cae-la-recaudacion-de-las-provincias-que-se-financian-con-mayor-coparticipacion","status":"publish","type":"post","link":"https:\/\/www.actualidadadiario.com\/index.php\/2019\/02\/26\/cae-la-recaudacion-de-las-provincias-que-se-financian-con-mayor-coparticipacion\/","title":{"rendered":"Cae la recaudaci\u00f3n de las provincias, que se financian con mayor coparticipaci\u00f3n"},"content":{"rendered":"<p><em><strong>La recaudaci\u00f3n propia de las provincias merm\u00f3 en enero por el menor nivel de actividad y qued\u00f3 debajo de la inflaci\u00f3n, pero los gobernadores lograron mantenerse a flote gracias al env\u00edo de mayores fondos de coparticipaci\u00f3n, que en la primera quincena de febrero avanzaron 112% respecto al mismo lapso del a\u00f1o pasado, de acuerdo a un informe de la consultora Econom\u00eda y Regiones<\/strong><\/em><\/p>\n<p>&nbsp;<\/p>\n<p>&nbsp;<\/p>\n<p>&nbsp;<\/p>\n<p>Seg\u00fan el reporte, entre el 1\u00b0 y el 15 de este mes la Naci\u00f3n le gir\u00f3 a los distritos en concepto de transferencias autom\u00e1ticas $42.313 millones, m\u00e1s del doble que en igual per\u00edodo de 2018. Sin embargo, esta suba pronunciada se debi\u00f3 a algunos aspectos coyunturales como la existencia de dos d\u00edas h\u00e1biles m\u00e1s (neto de este efecto el alza hubiera sido de 73,3%), la baja base de comparaci\u00f3n, y una mayor masa de recursos sujetos a distribuci\u00f3n por la devoluci\u00f3n del 3% por a\u00f1o que previamente reten\u00eda la Anses y la compensaci\u00f3n por la disoluci\u00f3n del Fondo del Conurbano.<\/p>\n<p>EyR advierte que en febrero los ingresos fiscales de la AFIP sumar\u00edan $355.712 millones por lo que el mes finalizar\u00eda con $105.727 millones para las provincias. Es decir que si bien en la segunda quincena recibir\u00e1n m\u00e1s fondos que en la primera, el crecimiento interanual de estos recursos llegar\u00e1 al 48,3% si se contabilizan los 28 d\u00edas.<\/p>\n<p>Lo cierto\u00a0 es que m\u00e1s all\u00e1 de que la cifra represente una ca\u00edda real de 2 puntos porcentuales en t\u00e9rminos reales, se trata de un monto considerable que les dar\u00e1 aire a los gobernadores de cara a las elecciones, en un contexto en donde la recesi\u00f3n ya golpea su recaudaci\u00f3n por Ingresos Brutos.<\/p>\n<p>En ese sentido, la consultora relev\u00f3 los primeros datos de la recaudaci\u00f3n provincial correspondientes al primer mes del a\u00f1o con un promedio del 36% para las 11 jurisdicciones que publicaron los datos, unos quince puntos por debajo de la inflaci\u00f3n. S\u00f3lo Neuqu\u00e9n logr\u00f3 superar el nivel de precios con un impresionante salto del 91%. Por su parte, en R\u00edo Negro y Santa Cruz el avance fue del 42% y 39% respectivamente, seguidas de Entre R\u00edos con un 34%.<\/p>\n<p>Los datos m\u00e1s flojos se observaron en C\u00f3rdoba (22%), Formosa (20%) y Buenos Aires (24%). De todas formas, la administraci\u00f3n de Mar\u00eda Eugenia Vidal logr\u00f3 compensar este escenario adverso, dado que fue la m\u00e1s beneficiada ya que su coparticipaci\u00f3n se increment\u00f3 150%, frente a un promedio del 112% del resto de las jurisdicciones, tras el acuerdo por el Fondo del Conurbano.<\/p>\n<p>As\u00ed la gobernadora bonaerense finalizar\u00eda febrero con giros autom\u00e1ticos 69,5% superiores a los del mismo mes de 2018 y se convertir\u00eda en el \u00fanico distrito que muestre un crecimiento de la coparticipaci\u00f3n en t\u00e9rminos reales.<\/p>\n<p>Un caso singular es el de la Ciudad Aut\u00f3noma de Buenos Aires que en la primera quincena recibi\u00f3 un 91% m\u00e1s, el porcentaje m\u00e1s bajo, tras el cambio en el coeficiente de distribuci\u00f3n vigente desde abril del a\u00f1o pasado.<\/p>\n<p>De esta manera, en el segundo mes del a\u00f1o quedar\u00e1 bien lejos del resto al mostrar una coparticipaci\u00f3n 34,7% mayor, m\u00e1s de quince puntos menores a la inflaci\u00f3n.<\/p>\n<p>Los acuerdos por la devoluci\u00f3n paulatina del 15% que anteriormente la Naci\u00f3n reten\u00eda para financiar a la Anses dio vuelta el hist\u00f3rico d\u00e9ficit de las provincias a lo largo de 2018, porque mientras sus recursos subieron bien por arriba de los precios, lograron licuar sus gastos con paritarias de estatales a la baja.<\/p>\n","protected":false},"excerpt":{"rendered":"<p>La recaudaci\u00f3n propia de las provincias merm\u00f3 en enero por el menor nivel de actividad y qued\u00f3 debajo de la inflaci\u00f3n, pero los gobernadores lograron mantenerse a flote gracias al env\u00edo de mayores fondos de coparticipaci\u00f3n, que en la primera quincena de febrero avanzaron 112% respecto al mismo lapso del a\u00f1o pasado, de acuerdo a un informe de la consultora Econom\u00eda y Regiones &nbsp; &nbsp; &nbsp; Seg\u00fan el reporte, entre el 1\u00b0 y el 15 de este mes la Naci\u00f3n le gir\u00f3 a los distritos en concepto de transferencias autom\u00e1ticas&#8230;<\/p>\n","protected":false},"author":3,"featured_media":40941,"comment_status":"closed","ping_status":"closed","sticky":false,"template":"","format":"standard","meta":[],"categories":[2],"tags":[],"_links":{"self":[{"href":"https:\/\/www.actualidadadiario.com\/index.php\/wp-json\/wp\/v2\/posts\/40940"}],"collection":[{"href":"https:\/\/www.actualidadadiario.com\/index.php\/wp-json\/wp\/v2\/posts"}],"about":[{"href":"https:\/\/www.actualidadadiario.com\/index.php\/wp-json\/wp\/v2\/types\/post"}],"author":[{"embeddable":true,"href":"https:\/\/www.actualidadadiario.com\/index.php\/wp-json\/wp\/v2\/users\/3"}],"replies":[{"embeddable":true,"href":"https:\/\/www.actualidadadiario.com\/index.php\/wp-json\/wp\/v2\/comments?post=40940"}],"version-history":[{"count":1,"href":"https:\/\/www.actualidadadiario.com\/index.php\/wp-json\/wp\/v2\/posts\/40940\/revisions"}],"predecessor-version":[{"id":40942,"href":"https:\/\/www.actualidadadiario.com\/index.php\/wp-json\/wp\/v2\/posts\/40940\/revisions\/40942"}],"wp:featuredmedia":[{"embeddable":true,"href":"https:\/\/www.actualidadadiario.com\/index.php\/wp-json\/wp\/v2\/media\/40941"}],"wp:attachment":[{"href":"https:\/\/www.actualidadadiario.com\/index.php\/wp-json\/wp\/v2\/media?parent=40940"}],"wp:term":[{"taxonomy":"category","embeddable":true,"href":"https:\/\/www.actualidadadiario.com\/index.php\/wp-json\/wp\/v2\/categories?post=40940"},{"taxonomy":"post_tag","embeddable":true,"href":"https:\/\/www.actualidadadiario.com\/index.php\/wp-json\/wp\/v2\/tags?post=40940"}],"curies":[{"name":"wp","href":"https:\/\/api.w.org\/{rel}","templated":true}]}}