{"id":4094,"date":"2016-11-08T10:12:00","date_gmt":"2016-11-08T13:12:00","guid":{"rendered":"http:\/\/actualidadadiario.com\/site\/?p=4094"},"modified":"2016-11-08T10:12:00","modified_gmt":"2016-11-08T13:12:00","slug":"historico-roger-federer-salio-del-top-ten-del-ranking-mundial-tras-14-anos","status":"publish","type":"post","link":"https:\/\/www.actualidadadiario.com\/index.php\/2016\/11\/08\/historico-roger-federer-salio-del-top-ten-del-ranking-mundial-tras-14-anos\/","title":{"rendered":"Hist\u00f3rico: Roger Federer sali\u00f3 del top ten del ranking mundial tras 14 a\u00f1os"},"content":{"rendered":"<p><em><strong>Tras catorce a\u00f1os, el suizo Roger Federer dej\u00f3 el top ten del ranking de tenis de la ATP, seg\u00fan depar\u00f3 su actualizaci\u00f3n semanal, que mostr\u00f3 escasos cambios para los nueve argentinos entre los cien mejores del escalaf\u00f3n<\/strong><\/em><\/p>\n<p>&nbsp;<\/p>\n<p>&nbsp;<\/p>\n<p>&nbsp;<\/p>\n<p>&nbsp;<\/p>\n<p>El gran Roger Federer, el m\u00e1s ganador de torneos Grand Slam de la historia, cay\u00f3 siete posiciones y qued\u00f3 en el puesto 16\u00ba del ranking mundial de la ATP.\u00a0 Cabe recordar que la \u00faltima vez que apareci\u00f3 fuera del top ten fue el 7 de octubre de 2002, en el puesto 13\u00ba por aquel entonces.<\/p>\n<p>&nbsp;<\/p>\n<p>El suizo, quien no juega desde que perdi\u00f3 en las semifinales de Wimbledon, estar\u00e1 marginado del circuito hasta el a\u00f1o pr\u00f3ximo por una lesi\u00f3n en la rodilla.<\/p>\n<p>&nbsp;<\/p>\n<p>En cuanto a los argentinos Juan Mart\u00edn Del Potro se mantuvo como primera raqueta en el puesto 38 seguido por Federico Delbonis cuatro escalones debajo.<\/p>\n<p>&nbsp;<\/p>\n<p>Estos son los nueve argentinos ubicados en el top 100:\u00f0 38-Juan Mart\u00edn Del Potro (0) 42-Federico Delbonis (0) 58-Diego Schwartzman (-3) 60-Guido Pella (-3) 66-Facundo Bagnis (+2) 69-Juan M\u00f3naco (+2) 81-Horacio Zeballos (-3) 85-Renzo Olivo (-1) 89-Carlos Berlocq (+3).<\/p>\n","protected":false},"excerpt":{"rendered":"<p>Tras catorce a\u00f1os, el suizo Roger Federer dej\u00f3 el top ten del ranking de tenis de la ATP, seg\u00fan depar\u00f3 su actualizaci\u00f3n semanal, que mostr\u00f3 escasos cambios para los nueve argentinos entre los cien mejores del escalaf\u00f3n &nbsp; &nbsp; &nbsp; &nbsp; El gran Roger Federer, el m\u00e1s ganador de torneos Grand Slam de la historia, cay\u00f3 siete posiciones y qued\u00f3 en el puesto 16\u00ba del ranking mundial de la ATP.\u00a0 Cabe recordar que la \u00faltima vez que apareci\u00f3 fuera del top ten fue el 7 de octubre de 2002, en&#8230;<\/p>\n","protected":false},"author":3,"featured_media":4095,"comment_status":"closed","ping_status":"closed","sticky":false,"template":"","format":"standard","meta":[],"categories":[4],"tags":[],"_links":{"self":[{"href":"https:\/\/www.actualidadadiario.com\/index.php\/wp-json\/wp\/v2\/posts\/4094"}],"collection":[{"href":"https:\/\/www.actualidadadiario.com\/index.php\/wp-json\/wp\/v2\/posts"}],"about":[{"href":"https:\/\/www.actualidadadiario.com\/index.php\/wp-json\/wp\/v2\/types\/post"}],"author":[{"embeddable":true,"href":"https:\/\/www.actualidadadiario.com\/index.php\/wp-json\/wp\/v2\/users\/3"}],"replies":[{"embeddable":true,"href":"https:\/\/www.actualidadadiario.com\/index.php\/wp-json\/wp\/v2\/comments?post=4094"}],"version-history":[{"count":1,"href":"https:\/\/www.actualidadadiario.com\/index.php\/wp-json\/wp\/v2\/posts\/4094\/revisions"}],"predecessor-version":[{"id":4096,"href":"https:\/\/www.actualidadadiario.com\/index.php\/wp-json\/wp\/v2\/posts\/4094\/revisions\/4096"}],"wp:featuredmedia":[{"embeddable":true,"href":"https:\/\/www.actualidadadiario.com\/index.php\/wp-json\/wp\/v2\/media\/4095"}],"wp:attachment":[{"href":"https:\/\/www.actualidadadiario.com\/index.php\/wp-json\/wp\/v2\/media?parent=4094"}],"wp:term":[{"taxonomy":"category","embeddable":true,"href":"https:\/\/www.actualidadadiario.com\/index.php\/wp-json\/wp\/v2\/categories?post=4094"},{"taxonomy":"post_tag","embeddable":true,"href":"https:\/\/www.actualidadadiario.com\/index.php\/wp-json\/wp\/v2\/tags?post=4094"}],"curies":[{"name":"wp","href":"https:\/\/api.w.org\/{rel}","templated":true}]}}