{"id":40937,"date":"2019-02-26T11:26:30","date_gmt":"2019-02-26T14:26:30","guid":{"rendered":"https:\/\/www.actualidadadiario.com\/?p=40937"},"modified":"2019-05-06T20:55:00","modified_gmt":"2019-05-06T23:55:00","slug":"el-indec-confirmo-el-derrumbe-del-consumo-en-2018-y-alertan-por-una-nueva-caida-para-este-ano","status":"publish","type":"post","link":"https:\/\/www.actualidadadiario.com\/index.php\/2019\/02\/26\/el-indec-confirmo-el-derrumbe-del-consumo-en-2018-y-alertan-por-una-nueva-caida-para-este-ano\/","title":{"rendered":"El Indec confirm\u00f3 el derrumbe del consumo en 2018 y alertan por una nueva ca\u00edda para este a\u00f1o"},"content":{"rendered":"<p><em><strong>Las ventas en supermercados, mayoristas y shoppings se hundieron en diciembre por sexto mes consecutivo. Seg\u00fan los datos publicados ayer por el Indec, las ca\u00eddas reales fueron del 8,7%, 12,4% y 13,3% interanual, respectivamente. A\u00fan m\u00e1s se desplomaron las ventas en comercios de electrodom\u00e9sticos y art\u00edculos para el hogar en el tercer trimestre de 2018: 37,7%. Los indicadores privados de consumo muestran que el deterioro continu\u00f3 en enero. Y sin recuperaci\u00f3n del poder adquisitivo, los analistas proyectan que 2019 terminar\u00e1 otra vez en baja<\/strong><\/em><\/p>\n<p>&nbsp;<\/p>\n<p>&nbsp;<\/p>\n<p>&nbsp;<\/p>\n<p>&nbsp;<\/p>\n<p>Las ventas en supermercados totalizaron en diciembre $57.204 millones, lo que implica un alza a precios corrientes del 40,3% interanual. A precios constantes, implic\u00f3 una ca\u00edda del 8,7%, un n\u00famero muy elevado pero algo menor al 9,9% de octubre y al 12,4% de noviembre. Para el director de Ecolatina, Lorenzo Sigaut Gravina, &#8220;el bono de fin de a\u00f1o habr\u00eda ayudado a morigerar la ca\u00edda&#8221;. En el acumulado de 2018, la ca\u00edda real fue del 3%.<\/p>\n<p>Los rubros que mostraron mayores retrocesos en los supermercados fueron los de bienes durables ya que la fuerte p\u00e9rdida de poder adquisitivo, que rond\u00f3 el 12% en 2018, llev\u00f3 a los hogares a concentrar el gasto en los productos indispensables. As\u00ed, las ventas de art\u00edculos para el hogar y electr\u00f3nicos se desplomaron m\u00e1s de 32% interanual. Las de indumentaria bajaron 8,2% y las de alimentos y bebidas, 2%. Entre los alimentos, lo m\u00e1s preocupante fueron los importantes retrocesos en rubros sensibles, como frutas y verduras (13,6%) y l\u00e1cteos (5,7%).<\/p>\n<p>El impacto del programa monetario con tasas por las nubes, acordado con el FMI se reflej\u00f3 en el informe del Indec. Mientras los pagos en efectivo aumentaron 41,4%, las compras con tarjeta de cr\u00e9dito apenas crecieron 33,7%.<\/p>\n<p>En los mayoristas, las ventas de diciembre alcanzaron los $8.504,9 millones, 37% m\u00e1s que un a\u00f1o atr\u00e1s a precios corrientes, pero 12,4% menos a precios constantes. Los mayores retrocesos fueron en las carnes (21,5%) y bebidas (19%).<\/p>\n<p>El deterioro m\u00e1s importante del consumo se dio en los electrodom\u00e9sticos y art\u00edculos para el hogar. Cay\u00f3 5% interanual en el 4\u00b0 trimestre y 10,4% en diciembre, y se ubic\u00f3 en el menor nivel en cuatro a\u00f1os. Ecolatina destac\u00f3 que, seg\u00fan su medici\u00f3n, los precios de estos art\u00edculos subieron 52% interanual en el 4\u00b0 T, por lo que en t\u00e9rminos reales su consumo se desplom\u00f3 37%. &#8220;El deterioro del poder adquisitivo en d\u00f3lares y en pesos, el encarecimiento y desaparici\u00f3n del cr\u00e9dito, y la incertidumbre reinante durante el periodo frenaron fuertemente la demanda por bienes durables&#8221;, se\u00f1al\u00f3 la consultora.<\/p>\n<p>Esos mismos factores, sumados a los tarifazos que dejar\u00e1n una menor porci\u00f3n de los ingresos disponible para el resto de los gastos familiares, son los que auguran una nueva ca\u00edda en 2019, tanto en las ventas de bienes durables como en el consumo masivo. En este \u00faltimo caso, Kantar Worldpanel proyect\u00f3 una ca\u00edda real del 1,5%, que ser\u00eda el cuarto consecutivo.<\/p>\n<p>Por lo pronto, el Instituto de Trabajo y Econom\u00eda de la Fundaci\u00f3n Germ\u00e1n Abdala midi\u00f3 en enero una ca\u00edda interanual del 9,3%, que implic\u00f3 una reaceleraci\u00f3n tras el peque\u00f1o respiro de diciembre. Adem\u00e1s, el consumo minorista cay\u00f3 10%, seg\u00fan CAME.<\/p>\n","protected":false},"excerpt":{"rendered":"<p>Las ventas en supermercados, mayoristas y shoppings se hundieron en diciembre por sexto mes consecutivo. Seg\u00fan los datos publicados ayer por el Indec, las ca\u00eddas reales fueron del 8,7%, 12,4% y 13,3% interanual, respectivamente. A\u00fan m\u00e1s se desplomaron las ventas en comercios de electrodom\u00e9sticos y art\u00edculos para el hogar en el tercer trimestre de 2018: 37,7%. Los indicadores privados de consumo muestran que el deterioro continu\u00f3 en enero. Y sin recuperaci\u00f3n del poder adquisitivo, los analistas proyectan que 2019 terminar\u00e1 otra vez en baja &nbsp; &nbsp; &nbsp; &nbsp; Las ventas&#8230;<\/p>\n","protected":false},"author":3,"featured_media":40938,"comment_status":"closed","ping_status":"closed","sticky":false,"template":"","format":"standard","meta":[],"categories":[2],"tags":[],"_links":{"self":[{"href":"https:\/\/www.actualidadadiario.com\/index.php\/wp-json\/wp\/v2\/posts\/40937"}],"collection":[{"href":"https:\/\/www.actualidadadiario.com\/index.php\/wp-json\/wp\/v2\/posts"}],"about":[{"href":"https:\/\/www.actualidadadiario.com\/index.php\/wp-json\/wp\/v2\/types\/post"}],"author":[{"embeddable":true,"href":"https:\/\/www.actualidadadiario.com\/index.php\/wp-json\/wp\/v2\/users\/3"}],"replies":[{"embeddable":true,"href":"https:\/\/www.actualidadadiario.com\/index.php\/wp-json\/wp\/v2\/comments?post=40937"}],"version-history":[{"count":1,"href":"https:\/\/www.actualidadadiario.com\/index.php\/wp-json\/wp\/v2\/posts\/40937\/revisions"}],"predecessor-version":[{"id":40939,"href":"https:\/\/www.actualidadadiario.com\/index.php\/wp-json\/wp\/v2\/posts\/40937\/revisions\/40939"}],"wp:featuredmedia":[{"embeddable":true,"href":"https:\/\/www.actualidadadiario.com\/index.php\/wp-json\/wp\/v2\/media\/40938"}],"wp:attachment":[{"href":"https:\/\/www.actualidadadiario.com\/index.php\/wp-json\/wp\/v2\/media?parent=40937"}],"wp:term":[{"taxonomy":"category","embeddable":true,"href":"https:\/\/www.actualidadadiario.com\/index.php\/wp-json\/wp\/v2\/categories?post=40937"},{"taxonomy":"post_tag","embeddable":true,"href":"https:\/\/www.actualidadadiario.com\/index.php\/wp-json\/wp\/v2\/tags?post=40937"}],"curies":[{"name":"wp","href":"https:\/\/api.w.org\/{rel}","templated":true}]}}