{"id":40931,"date":"2019-02-26T11:24:55","date_gmt":"2019-02-26T14:24:55","guid":{"rendered":"https:\/\/www.actualidadadiario.com\/?p=40931"},"modified":"2019-05-06T20:57:04","modified_gmt":"2019-05-06T23:57:04","slug":"alarma-calculan-que-la-inflacion-de-este-mes-podria-llegar-al-4","status":"publish","type":"post","link":"https:\/\/www.actualidadadiario.com\/index.php\/2019\/02\/26\/alarma-calculan-que-la-inflacion-de-este-mes-podria-llegar-al-4\/","title":{"rendered":"Alarma: calculan que la inflaci\u00f3n de este mes podr\u00eda llegar al 4%"},"content":{"rendered":"<p><em><strong>As\u00ed lo indic\u00f3 Gabriel Zelpo, economista jefe de la consultora Elypsis. Tambi\u00e9n dio su opini\u00f3n sobre la evoluci\u00f3n del d\u00f3lar y el acuerdo con el FMI<\/strong><\/em><\/p>\n<p>&nbsp;<\/p>\n<p>&nbsp;<\/p>\n<p>&nbsp;<\/p>\n<p>Seg\u00fan advirtieron desde la consultora Elypsis, la inflaci\u00f3n de este mes &#8220;puede llegar al 4%&#8221;, y &#8220;reci\u00e9n en el segundo semestre vamos a esperar una inflaci\u00f3n debajo del 2% si se mantiene la calma cambiaria, pero todav\u00eda quedan unos cuantos meses duros por delante en materia de inflaci\u00f3n&#8221;.<\/p>\n<p>&#8220;Tuvimos una inflaci\u00f3n m\u00e1s alta de los ven\u00edamos observando. En el mes de febrero va a ser incluso m\u00e1s alta que en enero&#8221;, manifest\u00f3 Gabriel Zelpo, economista jefe de la firma.<\/p>\n<p>Zelpo se\u00f1al\u00f3 que el programa acordado con el Fondo Monetario se diagram\u00f3 &#8220;para buscar cierta calma cambiaria, y creo que ha cumplido ese rol, pues est\u00e1bamos en una situaci\u00f3n que era muy complicada, ya que ten\u00edamos tasas del orden del 74% y el tipo de cambio no se mosqueaba&#8221;.<\/p>\n<p>Seg\u00fan el economista, &#8220;ese programa tuvo determinados condicionamientos que pidi\u00f3 el FMI, que no son lo mejor que nos gustar\u00eda tener, pero nos tenemos que adaptar a ellos porque atr\u00e1s de este programa monetario est\u00e1 un importante desembolso de dinero y eso fue lo que b\u00e1sicamente trajo la calma&#8221;.<\/p>\n<p>Por \u00faltimo, record\u00f3 que &#8220;fue un programa que se hizo muy r\u00e1pido, en el que no se consider\u00f3 correctamente todos los aspectos de la econom\u00eda argentina. No se sab\u00eda c\u00f3mo iba a funcionar&#8221;.<\/p>\n","protected":false},"excerpt":{"rendered":"<p>As\u00ed lo indic\u00f3 Gabriel Zelpo, economista jefe de la consultora Elypsis. Tambi\u00e9n dio su opini\u00f3n sobre la evoluci\u00f3n del d\u00f3lar y el acuerdo con el FMI &nbsp; &nbsp; &nbsp; Seg\u00fan advirtieron desde la consultora Elypsis, la inflaci\u00f3n de este mes &#8220;puede llegar al 4%&#8221;, y &#8220;reci\u00e9n en el segundo semestre vamos a esperar una inflaci\u00f3n debajo del 2% si se mantiene la calma cambiaria, pero todav\u00eda quedan unos cuantos meses duros por delante en materia de inflaci\u00f3n&#8221;. &#8220;Tuvimos una inflaci\u00f3n m\u00e1s alta de los ven\u00edamos observando. En el mes de&#8230;<\/p>\n","protected":false},"author":3,"featured_media":30057,"comment_status":"closed","ping_status":"closed","sticky":false,"template":"","format":"standard","meta":[],"categories":[2],"tags":[],"_links":{"self":[{"href":"https:\/\/www.actualidadadiario.com\/index.php\/wp-json\/wp\/v2\/posts\/40931"}],"collection":[{"href":"https:\/\/www.actualidadadiario.com\/index.php\/wp-json\/wp\/v2\/posts"}],"about":[{"href":"https:\/\/www.actualidadadiario.com\/index.php\/wp-json\/wp\/v2\/types\/post"}],"author":[{"embeddable":true,"href":"https:\/\/www.actualidadadiario.com\/index.php\/wp-json\/wp\/v2\/users\/3"}],"replies":[{"embeddable":true,"href":"https:\/\/www.actualidadadiario.com\/index.php\/wp-json\/wp\/v2\/comments?post=40931"}],"version-history":[{"count":1,"href":"https:\/\/www.actualidadadiario.com\/index.php\/wp-json\/wp\/v2\/posts\/40931\/revisions"}],"predecessor-version":[{"id":40933,"href":"https:\/\/www.actualidadadiario.com\/index.php\/wp-json\/wp\/v2\/posts\/40931\/revisions\/40933"}],"wp:featuredmedia":[{"embeddable":true,"href":"https:\/\/www.actualidadadiario.com\/index.php\/wp-json\/wp\/v2\/media\/30057"}],"wp:attachment":[{"href":"https:\/\/www.actualidadadiario.com\/index.php\/wp-json\/wp\/v2\/media?parent=40931"}],"wp:term":[{"taxonomy":"category","embeddable":true,"href":"https:\/\/www.actualidadadiario.com\/index.php\/wp-json\/wp\/v2\/categories?post=40931"},{"taxonomy":"post_tag","embeddable":true,"href":"https:\/\/www.actualidadadiario.com\/index.php\/wp-json\/wp\/v2\/tags?post=40931"}],"curies":[{"name":"wp","href":"https:\/\/api.w.org\/{rel}","templated":true}]}}