{"id":40926,"date":"2019-02-26T11:22:44","date_gmt":"2019-02-26T14:22:44","guid":{"rendered":"https:\/\/www.actualidadadiario.com\/?p=40926"},"modified":"2019-05-06T20:57:09","modified_gmt":"2019-05-06T23:57:09","slug":"agmer-resolvera-el-viernes-en-congreso-si-inicia-o-no-el-ciclo-lectivo","status":"publish","type":"post","link":"https:\/\/www.actualidadadiario.com\/index.php\/2019\/02\/26\/agmer-resolvera-el-viernes-en-congreso-si-inicia-o-no-el-ciclo-lectivo\/","title":{"rendered":"Agmer resolver\u00e1 el viernes en Congreso si inicia o no el ciclo lectivo"},"content":{"rendered":"<p><em><strong>La Comisi\u00f3n Directiva Central de Agmer convoc\u00f3 para este viernes en Concordia a Congreso Extraordinario. El martes, a las 18, habr\u00e1 una nueva reuni\u00f3n de la mesa de negociaci\u00f3n salarial, tras el rechazo de los gremios docentes a la propuesta del gobierno de un aumento del 15% en tres tramos. De lo que resulte de esa reuni\u00f3n depender\u00e1 el inicio del ciclo lectivo<\/strong><\/em><\/p>\n<p>&nbsp;<\/p>\n<p>&nbsp;<\/p>\n<p>&nbsp;<\/p>\n<p>La Comisi\u00f3n Directiva Central de la Asociaci\u00f3n Gremial del Magisterio de Entre R\u00edos (Agmer), convoc\u00f3 al CLXXXVI Congreso Extraordinario de la entidad para el viernes 1\u00ba de marzo, en el Sal\u00f3n Verbena, ubicado en Balcarce 87 de la ciudad de Concordia\u00a0 (Entre R\u00edos). Ser\u00e1\u00a0 a partir de las 9.<\/p>\n<p>En el temario se incluye, entre otros puntos, el an\u00e1lisis de la situaci\u00f3n nacional y provincial y las estrategias a seguir.<\/p>\n<p>En la reuni\u00f3n de la mesa de negociaci\u00f3n salarial, del pasado martes, el gobierno realiz\u00f3 una oferta salarial, que fue rechazada por el gremio. \u201cEl sindicato tiene la responsabilidad de defender el salario y esta propuesta no contempla nuestras\u00a0 necesidades\u201d, hab\u00eda dicho el secretario general de Agmer, Marcelo Pagani.<\/p>\n<p>Se espera una mejora de la oferta para esta semana para que pueda ser evaluada por las bases.<\/p>\n","protected":false},"excerpt":{"rendered":"<p>La Comisi\u00f3n Directiva Central de Agmer convoc\u00f3 para este viernes en Concordia a Congreso Extraordinario. El martes, a las 18, habr\u00e1 una nueva reuni\u00f3n de la mesa de negociaci\u00f3n salarial, tras el rechazo de los gremios docentes a la propuesta del gobierno de un aumento del 15% en tres tramos. De lo que resulte de esa reuni\u00f3n depender\u00e1 el inicio del ciclo lectivo &nbsp; &nbsp; &nbsp; La Comisi\u00f3n Directiva Central de la Asociaci\u00f3n Gremial del Magisterio de Entre R\u00edos (Agmer), convoc\u00f3 al CLXXXVI Congreso Extraordinario de la entidad para el&#8230;<\/p>\n","protected":false},"author":3,"featured_media":20804,"comment_status":"closed","ping_status":"closed","sticky":false,"template":"","format":"standard","meta":[],"categories":[15],"tags":[],"_links":{"self":[{"href":"https:\/\/www.actualidadadiario.com\/index.php\/wp-json\/wp\/v2\/posts\/40926"}],"collection":[{"href":"https:\/\/www.actualidadadiario.com\/index.php\/wp-json\/wp\/v2\/posts"}],"about":[{"href":"https:\/\/www.actualidadadiario.com\/index.php\/wp-json\/wp\/v2\/types\/post"}],"author":[{"embeddable":true,"href":"https:\/\/www.actualidadadiario.com\/index.php\/wp-json\/wp\/v2\/users\/3"}],"replies":[{"embeddable":true,"href":"https:\/\/www.actualidadadiario.com\/index.php\/wp-json\/wp\/v2\/comments?post=40926"}],"version-history":[{"count":1,"href":"https:\/\/www.actualidadadiario.com\/index.php\/wp-json\/wp\/v2\/posts\/40926\/revisions"}],"predecessor-version":[{"id":40927,"href":"https:\/\/www.actualidadadiario.com\/index.php\/wp-json\/wp\/v2\/posts\/40926\/revisions\/40927"}],"wp:featuredmedia":[{"embeddable":true,"href":"https:\/\/www.actualidadadiario.com\/index.php\/wp-json\/wp\/v2\/media\/20804"}],"wp:attachment":[{"href":"https:\/\/www.actualidadadiario.com\/index.php\/wp-json\/wp\/v2\/media?parent=40926"}],"wp:term":[{"taxonomy":"category","embeddable":true,"href":"https:\/\/www.actualidadadiario.com\/index.php\/wp-json\/wp\/v2\/categories?post=40926"},{"taxonomy":"post_tag","embeddable":true,"href":"https:\/\/www.actualidadadiario.com\/index.php\/wp-json\/wp\/v2\/tags?post=40926"}],"curies":[{"name":"wp","href":"https:\/\/api.w.org\/{rel}","templated":true}]}}