{"id":40923,"date":"2019-02-26T11:22:00","date_gmt":"2019-02-26T14:22:00","guid":{"rendered":"https:\/\/www.actualidadadiario.com\/?p=40923"},"modified":"2019-05-06T20:54:12","modified_gmt":"2019-05-06T23:54:12","slug":"entre-rios-se-suma-al-paro-nacional-de-ate-convocado-para-este-martes","status":"publish","type":"post","link":"https:\/\/www.actualidadadiario.com\/index.php\/2019\/02\/26\/entre-rios-se-suma-al-paro-nacional-de-ate-convocado-para-este-martes\/","title":{"rendered":"Entre R\u00edos se suma al paro nacional de ATE convocado para este martes"},"content":{"rendered":"<p><em><strong>Se realizar\u00e1 este martes una jornada nacional de lucha en reclamo de la reapertura de paritaria, contra los despidos, en defensa del trabajo y la soberan\u00eda, y contra los tarifazos implementados por el gobierno nacional. ATE Entre R\u00edos confirm\u00f3 su adhesi\u00f3n a la medida \u201ccon una jornada de paro y\/o asambleas en los lugares de trabajo\u201d<\/strong><\/em><\/p>\n<p>&nbsp;<\/p>\n<p>&nbsp;<\/p>\n<p>&nbsp;<\/p>\n<p>El Consejo Directivo Nacional de ATE convoc\u00f3 a un paro con movilizaciones en todo el pa\u00eds para este martes.<\/p>\n<p>\u201cEn la provincia adherimos a la misma con una jornada con paro y\/o asambleas en los lugares de trabajo\u201d, se inform\u00f3 desde el gremio.<\/p>\n","protected":false},"excerpt":{"rendered":"<p>Se realizar\u00e1 este martes una jornada nacional de lucha en reclamo de la reapertura de paritaria, contra los despidos, en defensa del trabajo y la soberan\u00eda, y contra los tarifazos implementados por el gobierno nacional. ATE Entre R\u00edos confirm\u00f3 su adhesi\u00f3n a la medida \u201ccon una jornada de paro y\/o asambleas en los lugares de trabajo\u201d &nbsp; &nbsp; &nbsp; El Consejo Directivo Nacional de ATE convoc\u00f3 a un paro con movilizaciones en todo el pa\u00eds para este martes. \u201cEn la provincia adherimos a la misma con una jornada con paro&#8230;<\/p>\n","protected":false},"author":3,"featured_media":40924,"comment_status":"closed","ping_status":"closed","sticky":false,"template":"","format":"standard","meta":[],"categories":[15],"tags":[],"_links":{"self":[{"href":"https:\/\/www.actualidadadiario.com\/index.php\/wp-json\/wp\/v2\/posts\/40923"}],"collection":[{"href":"https:\/\/www.actualidadadiario.com\/index.php\/wp-json\/wp\/v2\/posts"}],"about":[{"href":"https:\/\/www.actualidadadiario.com\/index.php\/wp-json\/wp\/v2\/types\/post"}],"author":[{"embeddable":true,"href":"https:\/\/www.actualidadadiario.com\/index.php\/wp-json\/wp\/v2\/users\/3"}],"replies":[{"embeddable":true,"href":"https:\/\/www.actualidadadiario.com\/index.php\/wp-json\/wp\/v2\/comments?post=40923"}],"version-history":[{"count":1,"href":"https:\/\/www.actualidadadiario.com\/index.php\/wp-json\/wp\/v2\/posts\/40923\/revisions"}],"predecessor-version":[{"id":40925,"href":"https:\/\/www.actualidadadiario.com\/index.php\/wp-json\/wp\/v2\/posts\/40923\/revisions\/40925"}],"wp:featuredmedia":[{"embeddable":true,"href":"https:\/\/www.actualidadadiario.com\/index.php\/wp-json\/wp\/v2\/media\/40924"}],"wp:attachment":[{"href":"https:\/\/www.actualidadadiario.com\/index.php\/wp-json\/wp\/v2\/media?parent=40923"}],"wp:term":[{"taxonomy":"category","embeddable":true,"href":"https:\/\/www.actualidadadiario.com\/index.php\/wp-json\/wp\/v2\/categories?post=40923"},{"taxonomy":"post_tag","embeddable":true,"href":"https:\/\/www.actualidadadiario.com\/index.php\/wp-json\/wp\/v2\/tags?post=40923"}],"curies":[{"name":"wp","href":"https:\/\/api.w.org\/{rel}","templated":true}]}}