{"id":40920,"date":"2019-02-26T11:21:19","date_gmt":"2019-02-26T14:21:19","guid":{"rendered":"https:\/\/www.actualidadadiario.com\/?p=40920"},"modified":"2019-05-06T20:57:23","modified_gmt":"2019-05-06T23:57:23","slug":"es-irrazonable-bajar-la-edad-de-punibilidad-afirmo-el-defensor-general-de-la-provincia","status":"publish","type":"post","link":"https:\/\/www.actualidadadiario.com\/index.php\/2019\/02\/26\/es-irrazonable-bajar-la-edad-de-punibilidad-afirmo-el-defensor-general-de-la-provincia\/","title":{"rendered":"\u201cEs irrazonable bajar la edad de punibilidad\u201d, afirm\u00f3 el defensor general de la provincia"},"content":{"rendered":"<p><em><strong>El jefe de los defensores p\u00fablicos explic\u00f3 que las estad\u00edsticas revelan que \u201cen la gran mayor\u00eda de las provincias no existe ese problema, sino que los n\u00fameros que maneja el Ministerio de Justicia de la Naci\u00f3n corresponden a la provincia de Buenos Aires; entonces, si Buenos Aires tiene un problema, no tienen por qu\u00e9 verse perjudicados todos los ni\u00f1os del pa\u00eds\u201d y agreg\u00f3 que \u201cla baja de la edad de punibilidad no incide en la cantidad de delitos\u201d<\/strong><\/em><\/p>\n<p>&nbsp;<\/p>\n<p>&nbsp;<\/p>\n<p>&nbsp;<\/p>\n<p>\u201cEl contacto de los ni\u00f1os con el derecho penal no es gratuito, entonces hay que tratar de evitar o posponer lo m\u00e1s posible ese contacto\u201d, afirm\u00f3 el defensor general de la provincia, Maximiliano Ben\u00edtez, tras la presentaci\u00f3n del proyecto de reforma del R\u00e9gimen Penal Juvenil que contempla la baja de la edad de punibilidad de los menores a los 15 a\u00f1os.<\/p>\n<p>En di\u00e1logo con el programa 5 Esquinas, que se emite por Radio Costa Paran\u00e1, Ben\u00edtez consider\u00f3 que \u201cno es necesario ni razonable\u201d bajar la edad de punibilidad de los menores, como propone el proyecto oficial porque, seg\u00fan dijo, \u201ces m\u00ednima la cantidad de delitos\u201d cometidos por los menores de entre 16 y 18 a\u00f1os en el pa\u00eds.<\/p>\n<p>El jefe de los defensores p\u00fablicos explic\u00f3 que las estad\u00edsticas revelan que \u201cen la gran mayor\u00eda de las provincias no existe ese problema, sino que los n\u00fameros que maneja el Ministerio de Justicia de la Naci\u00f3n corresponden a la provincia de Buenos Aires. Entonces, si Buenos Aires tiene un problema, no tienen por qu\u00e9 verse perjudicados todos los ni\u00f1os del pa\u00eds\u201d y agreg\u00f3 que \u201cla baja de la edad de punibilidad no incide en la cantidad de delitos\u201d.<\/p>\n<p>En ese sentido, Ben\u00edtez acot\u00f3 que \u201cno se puede concluir en que hay que bajar la edad porque una provincia tiene un problema y entonces las otras, como hermanitas menores, vayan detr\u00e1s de ese problema; los ni\u00f1os no se merecen eso, no es justo que se tomen estad\u00edsticas de una sola provincia para modificar una ley que va a regir en todo el pa\u00eds\u201d.<\/p>\n<p>En Entre R\u00edos, las estad\u00edsticas policiales muestran que en el a\u00f1o 2018 fueron detenidos 251 menores de edad por la comisi\u00f3n de distintos delitos, lo que representa el 17,7 por ciento del total de personas aprehendidas y sometidas a un proceso penal.<\/p>\n<p>La edad de punibilidad es el l\u00edmite inferior a partir del cual los adolescentes pueden ser juzgados e ir presos a una c\u00e1rcel. En la Argentina, seg\u00fan el R\u00e9gimen Penal de Minoridad promulgado en 1980, durante la \u00faltima dictadura c\u00edvico-militar, esa edad se estableci\u00f3 en los 16 a\u00f1os, es decir, los menores de esa edad no pueden ser juzgados. Sin embargo, los adolescentes de entre 16 y 18 a\u00f1os tampoco son juzgados por el mismo sistema que los adultos, sino que son punibles aquellos que cometan delitos con penas mayores a dos a\u00f1os, pero reci\u00e9n a partir de los 18 a\u00f1os pueden empezar a cumplir su pena en una unidad penal y antes de eso pueden estar privados de la libertad en institutos especializados.<\/p>\n<p>Ben\u00edtez considera que la sanci\u00f3n de un nuevo r\u00e9gimen penal juvenil \u201ces una deuda de la democracia\u201d y resalt\u00f3 que \u201cdesde 1983 no se han podido poner de acuerdo las fuerzas pol\u00edticas para sancionar una ley de responsabilidad penal juvenil acorde a las convenciones internacionales y al desarrollo que ha ocurrido en el mundo en cuanto al derecho de la ni\u00f1ez porque cada vez que se habla de este tema surge la cuesti\u00f3n de la edad, y eso es algo que atraviesa a todos los partidos pol\u00edticos con representaci\u00f3n parlamentaria\u201d.<\/p>\n<p>El defensor general sostuvo adem\u00e1s que \u201chay mucha desinformaci\u00f3n y la gente piensa que hay que bajar edad porque con eso va a mejorar la seguridad, cuando los n\u00fameros demuestran que no es as\u00ed\u201d.<\/p>\n<p>Por otra parte, agreg\u00f3 que en 2018 el Comit\u00e9 de Derechos del Ni\u00f1o de Naciones Unidas, en su informe sobre la ni\u00f1ez en la Argentina, sostuvo \u201cse debe modificar la ley penal juvenil y que la ley que se dicte no debe incluir disposiciones que aumenten las penas o reduzcan la edad de responsabilidad penal. Por eso es irrazonable bajar la edad, porque cuantitativamente no es importante y estamos porque procediendo en contra de lo que dicen los expertos y las Naciones Unidas\u201d. Destac\u00f3 tambi\u00e9n que \u201cen el marco del Programa Justicia 2020 se estableci\u00f3 una comisi\u00f3n para estudiar el tema y la conclusi\u00f3n fue que no hab\u00eda que disminuir la edad de responsabilidad penal\u201d y se\u00f1al\u00f3 que el Consejo Federal de los Organismos de Ni\u00f1ez de la Rep\u00fablica Argentina, con representantes de todas las provincias, elabor\u00f3 un proyecto que plantea no bajar la edad de punibilidad.<\/p>\n<p>As\u00ed las cosas, parece dif\u00edcil que el debate legislativo se produzca en un a\u00f1o electoral.<\/p>\n","protected":false},"excerpt":{"rendered":"<p>El jefe de los defensores p\u00fablicos explic\u00f3 que las estad\u00edsticas revelan que \u201cen la gran mayor\u00eda de las provincias no existe ese problema, sino que los n\u00fameros que maneja el Ministerio de Justicia de la Naci\u00f3n corresponden a la provincia de Buenos Aires; entonces, si Buenos Aires tiene un problema, no tienen por qu\u00e9 verse perjudicados todos los ni\u00f1os del pa\u00eds\u201d y agreg\u00f3 que \u201cla baja de la edad de punibilidad no incide en la cantidad de delitos\u201d &nbsp; &nbsp; &nbsp; \u201cEl contacto de los ni\u00f1os con el derecho penal&#8230;<\/p>\n","protected":false},"author":3,"featured_media":40921,"comment_status":"closed","ping_status":"closed","sticky":false,"template":"","format":"standard","meta":[],"categories":[9],"tags":[],"_links":{"self":[{"href":"https:\/\/www.actualidadadiario.com\/index.php\/wp-json\/wp\/v2\/posts\/40920"}],"collection":[{"href":"https:\/\/www.actualidadadiario.com\/index.php\/wp-json\/wp\/v2\/posts"}],"about":[{"href":"https:\/\/www.actualidadadiario.com\/index.php\/wp-json\/wp\/v2\/types\/post"}],"author":[{"embeddable":true,"href":"https:\/\/www.actualidadadiario.com\/index.php\/wp-json\/wp\/v2\/users\/3"}],"replies":[{"embeddable":true,"href":"https:\/\/www.actualidadadiario.com\/index.php\/wp-json\/wp\/v2\/comments?post=40920"}],"version-history":[{"count":1,"href":"https:\/\/www.actualidadadiario.com\/index.php\/wp-json\/wp\/v2\/posts\/40920\/revisions"}],"predecessor-version":[{"id":40922,"href":"https:\/\/www.actualidadadiario.com\/index.php\/wp-json\/wp\/v2\/posts\/40920\/revisions\/40922"}],"wp:featuredmedia":[{"embeddable":true,"href":"https:\/\/www.actualidadadiario.com\/index.php\/wp-json\/wp\/v2\/media\/40921"}],"wp:attachment":[{"href":"https:\/\/www.actualidadadiario.com\/index.php\/wp-json\/wp\/v2\/media?parent=40920"}],"wp:term":[{"taxonomy":"category","embeddable":true,"href":"https:\/\/www.actualidadadiario.com\/index.php\/wp-json\/wp\/v2\/categories?post=40920"},{"taxonomy":"post_tag","embeddable":true,"href":"https:\/\/www.actualidadadiario.com\/index.php\/wp-json\/wp\/v2\/tags?post=40920"}],"curies":[{"name":"wp","href":"https:\/\/api.w.org\/{rel}","templated":true}]}}