{"id":40918,"date":"2019-02-26T11:20:30","date_gmt":"2019-02-26T14:20:30","guid":{"rendered":"https:\/\/www.actualidadadiario.com\/?p=40918"},"modified":"2019-05-06T20:51:25","modified_gmt":"2019-05-06T23:51:25","slug":"paso-los-precandidatos-a-intendente-y-vice-en-las-principales-ciudades","status":"publish","type":"post","link":"https:\/\/www.actualidadadiario.com\/index.php\/2019\/02\/26\/paso-los-precandidatos-a-intendente-y-vice-en-las-principales-ciudades\/","title":{"rendered":"PASO: Los precandidatos a intendente y vice en las principales ciudades"},"content":{"rendered":"<p><em><strong>Varios intendente buscar\u00e1n la reelecci\u00f3n y algunos tendr\u00e1n internas. En el Justicialismo, habr\u00e1 internas entre seis listas en Paran\u00e1; en Concepci\u00f3n del Uruguay habr\u00e1 siete y en Tala la compulsa ser\u00e1 entre cinco<\/strong><\/em><\/p>\n<p>&nbsp;<\/p>\n<p>&nbsp;<\/p>\n<p>El pr\u00f3ximo 14 de abril se realizar\u00e1n en Entre R\u00edos las elecciones Primarias, Abiertas, Simult\u00e1neas y Obligatorias (PASO), donde se definir\u00e1, qui\u00e9nes ser\u00e1n los candidatos por cada fuerza en los comicios generales del 9 de junio.<\/p>\n<p>El pasado s\u00e1bado fue la fecha l\u00edmite para la inscripci\u00f3n de precandidatos a gobernador y vice, legisladores provinciales, intendentes, y concejales. El tr\u00e1mite se realiz\u00f3 ante la Junta Electoral de cada fuerza.<\/p>\n<p>Un total de 797 listas fueron presentadas el \u00faltimo fin de semana en el Tribunal Electoral de Entre R\u00edos, que competir\u00e1n en las pr\u00f3ximas elecciones Primarias, Abiertas, Simult\u00e1neas y Obligatorias (PASO) del 14 de abril.<\/p>\n<p>Son aproximadamente 100 m\u00e1s que las ingresadas en 2015, que ser\u00e1n oficializadas para luego adjunt\u00e1rsele el modelo de boleta que deber\u00e1n elaborar los partidos, informaron desde la entidad oficial.<\/p>\n<p>En las ciudades cabeceras de departamento hay varios intendentes que buscar\u00e1n la reelecci\u00f3n, pero algunos tendr\u00e1n internas, como el caso de Sergio Varisco en Paran\u00e1; Bruno Sarubi en La Paz; o, Federico Bogdan en Gualeguay.<\/p>\n<p>En el peronismo, habr\u00e1 internas en Paran\u00e1, con seis listas, una de las cuales es encabezada por el vicegobernador Ad\u00e1n Bahl; en Concepci\u00f3n del Uruguay habr\u00e1 siete listas en la interna del PJ. Mientras que en Rosario del Tala la compulsa ser\u00e1 entre cinco n\u00f3minas.<\/p>\n<p>En las PASO tambi\u00e9n se ver\u00e1 la performance de otros partidos, como el Partido Socialista, La Nueva Izquierda o el vecinalismo.<\/p>\n<p>&nbsp;<\/p>\n<p><strong>Los precandidatos a intendente y vice, en las ciudades cabeceras de cada departamento:<\/strong><\/p>\n<p><strong>Paran\u00e1<\/strong><\/p>\n<p><strong>Cambiemos:<\/strong> Hay tres listas. Sergio Varisco-Carlos Gonz\u00e1lez (por la reelecci\u00f3n) \/ Emanuel Gainza y Mario Moine \/ y, Gustavo Curvale y Paula Arm\u00e1ndola.<\/p>\n<p><strong>Peronismo:<\/strong> Hay seis listas. Ad\u00e1n Bahl y Andrea Zoff \/ Roberto Schunk y Cristina Ingleson \/ Cristian Uli\u00e1n y Alejandro Gonz\u00e1lez Carril \/ Fernando Sibulofsky y Stella Maris Ledesma \/Sebasti\u00e1n Miccelli \/Gerardo Gonz\u00e1lez y Graciela Geminiani<\/p>\n<p><strong>Nueva Izquierda:<\/strong> Sofia C\u00e1ceres Sforza<\/p>\n<p><strong>Socialismo:<\/strong> Marcelo Haddad y Alejandra Gervasoni.<\/p>\n<p>&nbsp;<\/p>\n<p><strong>Gualeguaych\u00fa<\/strong><\/p>\n<p><strong>Peronismo:<\/strong> Mart\u00edn Piaggio (va por la reelecci\u00f3n) y Lorena Arrozogaray \/ Jorge Roko y Mar\u00eda Victoria Dacal<\/p>\n<p><strong>Cambiemos:<\/strong> Javier Melchiori.-<\/p>\n<p><strong>Vecinalismo (Gualeguaych\u00fa Entre Todos):<\/strong> Domingo Oscar Carrazza.<\/p>\n<p>&nbsp;<\/p>\n<p><strong>Concordia<\/strong><\/p>\n<p><strong>Peronismo:<\/strong> Enrique Cresto y Alfredo Francolini \/ lo enfrentan Eduardo Asueta y Mart\u00edn Centuri\u00f3n<\/p>\n<p><strong>Cambiemos:<\/strong> Roberto Niez y Miguel Dobler<\/p>\n<p><strong>Partido Socialista:<\/strong> Emanuel Almada y Pedro Lower.<\/p>\n<p>&nbsp;<\/p>\n<p><strong>Concepci\u00f3n del Uruguay<\/strong><\/p>\n<p><strong>Cambiemos:<\/strong> Hay tres f\u00f3rmulas. Juan Ruiz Orrico y Luis Mar\u00eda Haddad \/ Ernesto Bulay y Leonor Bouj\u00f3n \/ Karina Percara y Oscar Solt\u00e9 Wilde.<\/p>\n<p><strong>Peronismo:<\/strong> Hay siete listas. Mart\u00edn Oliva y Ricardo Vales \/ Mario Barber\u00e1n y Claudia Cardoso \/ Ezequiel Valdunciel y Daysi Prieto \/ Eduardo Lorusso y Carlos Alberto P\u00e9rez \/ Bel\u00e9n M\u00e9rida y Jorge Urquiza \/ Oscar Noir y Mario Carballo \/ Sergio Bertelotti y Fernando Picart<\/p>\n<p><strong>Socialismo:<\/strong> Paulo Gonz\u00e1lez y Mar\u00eda \u00c1ngela &#8220;Tita&#8221; Dur\u00e9 \/ Luis Fern\u00e1ndez y a Lara Esteve<\/p>\n<p><strong>Vecinalismo:<\/strong> Mariano Far\u00edas y C\u00e9sar Silva<\/p>\n<p>&nbsp;<\/p>\n<p><strong>Gualeguay<\/strong><\/p>\n<p><strong>Cambiemos:<\/strong> Federico Bogdan (por la reelecci\u00f3n) \/ lo enfrenta Sergio Dezorzi, l\u00ednea Alejandro Carb\u00f3.<\/p>\n<p><strong>Peronismo:<\/strong> interna entre Mart\u00edn M\u00fcller \/ Gast\u00f3n Justet \/ y Mariano Mansilla<\/p>\n<p><strong>Socialismo:<\/strong> Mario Gonz\u00e1lez se mide contra Ismael Etcheverry<\/p>\n<p><strong>Nueva Izquierda:<\/strong> Diego Cristhian Brutti<\/p>\n<p>&nbsp;<\/p>\n<p><strong>Victoria<\/strong><\/p>\n<p><strong>Cambiemos:<\/strong> Domingo Maiocco (por la reelecci\u00f3n) y Ana Ester Schuth<\/p>\n<p><strong>Vecinalismo:<\/strong> Alcides Risso y Anah\u00ed Espa\u00f1ol<\/p>\n<p><strong>Peronismo:<\/strong> Isa Castagnino y Daniel Refatti<\/p>\n<p><strong>Socialismo:<\/strong> Faustino Pereyra y Daniel Zabala<\/p>\n<p>&nbsp;<\/p>\n<p><strong>Diamante<\/strong><\/p>\n<p><strong>Cambiemos:<\/strong> Lelia Recalde y Francisco Mu\u00f1oz Mezzavoce<\/p>\n<p><strong>Peronismo:<\/strong> Juan Carlos Darrichon y Oscar Herdt<\/p>\n<p><strong>Partido Ser:<\/strong> Ezio Gieco Hern\u00e1n y Schroeder Ana Mar\u00eda<\/p>\n<p>&nbsp;<\/p>\n<p><strong>La Paz<\/strong><\/p>\n<p><strong>Cambiemos:<\/strong> Bruno Sarubi (por la reelecci\u00f3n) \/ lo enfrenta Ren\u00e9 Rossi, actual viceintendente.<\/p>\n<p><strong>Peronismo:<\/strong> la f\u00f3rmula Leonardo Fonseca &#8211; Andr\u00e9s Bonnello se enfrentan con Cesar &#8220;Chispi&#8221; Bonfantti y Jos\u00e9 Nogueira.<\/p>\n<p><strong>Vecinalismo:<\/strong> pastor Alejandro Arga\u00f1araz y Pablo Beliz<\/p>\n<p>&nbsp;<\/p>\n<p><strong>Col\u00f3n<\/strong><\/p>\n<p><strong>Peronismo:<\/strong> Miriam Lambert y Luciano Penon \/ Etchevarne Ra\u00fal Alfredo y Rebord Miguel \u00c1ngel Am\u00e9rico<\/p>\n<p><strong>Cambiemos:<\/strong> Ariel Battista y Neris Besson \/ Hugo Mart\u00edn Ren\u00e9 Jauregui y Jacqueline Teresita Weiss.<\/p>\n<p><strong>Movimiento Naranja:<\/strong> Gerardo Gallo y Lorena Elizabeth Schlotthauer<\/p>\n<p><strong>Vecinalismo:<\/strong> Jos\u00e9 Luis Walser y Ramiro Favre.<\/p>\n<p>&nbsp;<\/p>\n<p><strong>Villaguay<\/strong><\/p>\n<p><strong>Peronismo:<\/strong> Claudia Monjo (por la reelecci\u00f3n) y Gonzalo Devetter<\/p>\n<p><strong>Partido Ser:<\/strong> Orlando Graziano y Carlos Piatti<\/p>\n<p><strong>Cambiemos:<\/strong> Alfredo Crosa y Hugo Soria \/ Enrique Bouchet y Sonia Antivero<\/p>\n<p><strong>Vecinalismo:<\/strong> Fabi\u00e1n Faust y Mario Figueroa.<\/p>\n<p>&nbsp;<\/p>\n<p><strong>Federal<\/strong><\/p>\n<p><strong>Peronismo:<\/strong> Gerardo Chapino (por la reelecci\u00f3n) y Rub\u00e9n Wetzel \/ Dar\u00edo Ver\u00f3n yFernando Navarro<\/p>\n<p><strong>Cambiemos:<\/strong> Mar\u00eda Ang\u00e9lica Rauch y Maximiliano Luna \/ Fabio Schonfeld y Ra\u00fal Androsiuk<\/p>\n<p><strong>Socialismo:<\/strong> Juan Carlos G\u00f3mez, y Adriana Natalia Sanabria.<\/p>\n<p>&nbsp;<\/p>\n<p><strong>Feliciano<\/strong><\/p>\n<p><strong>Cambiemos:<\/strong> Nicol\u00e1s Palazzotti<\/p>\n<p><strong>Peronismo:<\/strong> Se enfrentan Gladys Dom\u00ednguez y Dami\u00e1n Ar\u00e9valo.<\/p>\n<p>&nbsp;<\/p>\n<p><strong>Federaci\u00f3n<\/strong><\/p>\n<p><strong>Peronismo:<\/strong> Ricardo Bravo y Corina Rollano<\/p>\n<p><strong>Cambiemos:<\/strong> Rub\u00e9n Rastelli \/ Pablo Liberatori \/ Hern\u00e1n Burna<\/p>\n<p>&nbsp;<\/p>\n<p><strong>San Salvador<\/strong><\/p>\n<p><strong>Cambiemos:<\/strong> Mario Challi\u00f3 y Daniela Casse \/ Ariel L\u00f3pez y Jos\u00e9 Antonio Traba<\/p>\n<p><strong>Vecinalismo:<\/strong> Betty Maciel y Julio Barbona<\/p>\n<p>&nbsp;<\/p>\n<p><strong>Peronismo:<\/strong> Lucas Larrarte y Fabio Charles Menge\u00f3n<\/p>\n<p><strong>Frente Renovador:<\/strong> Luis Mar\u00eda L\u00f3pez y Reinaldo Almada<\/p>\n<p>&nbsp;<\/p>\n<p><strong>Nogoy\u00e1<\/strong><\/p>\n<p><strong>Cambiemos:<\/strong> Rafael Cavagna y Sandra Facello<\/p>\n<p><strong>Peronismo:<\/strong> Marcos Acosta, Adri\u00e1n Perotti y Daniel Koch<\/p>\n<p>&nbsp;<\/p>\n<p><strong>Rosario del Tala<\/strong><\/p>\n<p><strong>Cambiemos:<\/strong> Hugo Pitura (por la reelecci\u00f3n) y Facundo Gervasoni \/ Sergio Kachizky yCarlos Nu\u00f1ez \/ Osvaldo Minaglia y Sonia Vettori<\/p>\n<p><strong>Peronismo:<\/strong> Hay cinco listas<\/p>\n<p>-Mariano Nu\u00f1ez &#8211; Marita Alarc\u00f3n<\/p>\n<p>-Rafael Sciaini &#8211; Marcela Gonzalez<\/p>\n<p>-Lautaro Valdiviezo &#8211; Miriam Concettoni<\/p>\n<p>-Luis Jerez &#8211; Ramona Barreto<\/p>\n<p>-Aldo Taborda &#8211; Jose Luis Salas<\/p>\n<p><strong>Vecinalismo:<\/strong> Luis Alberto Schaaf y Juan Diego Angeloni<\/p>\n<p><strong>Acci\u00f3n Ciudadana Tala:<\/strong> Aldo Taborda y Jos\u00e9 Luis Salas.<\/p>\n","protected":false},"excerpt":{"rendered":"<p>Varios intendente buscar\u00e1n la reelecci\u00f3n y algunos tendr\u00e1n internas. En el Justicialismo, habr\u00e1 internas entre seis listas en Paran\u00e1; en Concepci\u00f3n del Uruguay habr\u00e1 siete y en Tala la compulsa ser\u00e1 entre cinco &nbsp; &nbsp; El pr\u00f3ximo 14 de abril se realizar\u00e1n en Entre R\u00edos las elecciones Primarias, Abiertas, Simult\u00e1neas y Obligatorias (PASO), donde se definir\u00e1, qui\u00e9nes ser\u00e1n los candidatos por cada fuerza en los comicios generales del 9 de junio. El pasado s\u00e1bado fue la fecha l\u00edmite para la inscripci\u00f3n de precandidatos a gobernador y vice, legisladores provinciales, intendentes,&#8230;<\/p>\n","protected":false},"author":3,"featured_media":37782,"comment_status":"closed","ping_status":"closed","sticky":false,"template":"","format":"standard","meta":[],"categories":[9],"tags":[],"_links":{"self":[{"href":"https:\/\/www.actualidadadiario.com\/index.php\/wp-json\/wp\/v2\/posts\/40918"}],"collection":[{"href":"https:\/\/www.actualidadadiario.com\/index.php\/wp-json\/wp\/v2\/posts"}],"about":[{"href":"https:\/\/www.actualidadadiario.com\/index.php\/wp-json\/wp\/v2\/types\/post"}],"author":[{"embeddable":true,"href":"https:\/\/www.actualidadadiario.com\/index.php\/wp-json\/wp\/v2\/users\/3"}],"replies":[{"embeddable":true,"href":"https:\/\/www.actualidadadiario.com\/index.php\/wp-json\/wp\/v2\/comments?post=40918"}],"version-history":[{"count":1,"href":"https:\/\/www.actualidadadiario.com\/index.php\/wp-json\/wp\/v2\/posts\/40918\/revisions"}],"predecessor-version":[{"id":40919,"href":"https:\/\/www.actualidadadiario.com\/index.php\/wp-json\/wp\/v2\/posts\/40918\/revisions\/40919"}],"wp:featuredmedia":[{"embeddable":true,"href":"https:\/\/www.actualidadadiario.com\/index.php\/wp-json\/wp\/v2\/media\/37782"}],"wp:attachment":[{"href":"https:\/\/www.actualidadadiario.com\/index.php\/wp-json\/wp\/v2\/media?parent=40918"}],"wp:term":[{"taxonomy":"category","embeddable":true,"href":"https:\/\/www.actualidadadiario.com\/index.php\/wp-json\/wp\/v2\/categories?post=40918"},{"taxonomy":"post_tag","embeddable":true,"href":"https:\/\/www.actualidadadiario.com\/index.php\/wp-json\/wp\/v2\/tags?post=40918"}],"curies":[{"name":"wp","href":"https:\/\/api.w.org\/{rel}","templated":true}]}}