{"id":40915,"date":"2019-02-26T11:19:37","date_gmt":"2019-02-26T14:19:37","guid":{"rendered":"https:\/\/www.actualidadadiario.com\/?p=40915"},"modified":"2019-05-06T20:50:36","modified_gmt":"2019-05-06T23:50:36","slug":"se-avanzo-en-la-actualizacion-del-protocolo-contra-el-trabajo-infantil","status":"publish","type":"post","link":"https:\/\/www.actualidadadiario.com\/index.php\/2019\/02\/26\/se-avanzo-en-la-actualizacion-del-protocolo-contra-el-trabajo-infantil\/","title":{"rendered":"Se avanz\u00f3 en la actualizaci\u00f3n del Protocolo contra el Trabajo Infantil"},"content":{"rendered":"<p><em><strong>La Comisi\u00f3n Provincial para la Erradicaci\u00f3n del Trabajo Infantil de Entre R\u00edos (Copreti), dependiente de la Secretar\u00eda de Trabajo, avanz\u00f3 en la actualizaci\u00f3n del protocolo de acci\u00f3n para prevenir y erradicar el trabajo infantil<\/strong><\/em><\/p>\n<p>&nbsp;<\/p>\n<p>&nbsp;<\/p>\n<p>El protocolo provincial de actuaci\u00f3n contra el trabajo infantil es una herramienta que condensa las intervenciones interinstitucionales necesarias para prevenir esta problem\u00e1tica.<\/p>\n<p>En la oportunidad, el secretario de Trabajo, Fernando Quinodoz, confirm\u00f3 que la provincia se propondr\u00e1 para ser sede del Encuentro Regional de Copreti, durante el primer semestre del a\u00f1o, para lo cual se avanz\u00f3 en la presentaci\u00f3n de temas y objetivos para la convocatoria.<\/p>\n<p>En la reuni\u00f3n, se analizaron los principales lineamientos para emprender las acciones que se llevar\u00e1n a cabo durante el a\u00f1o, tendientes a fortalecer el trabajo de prevenci\u00f3n y erradicaci\u00f3n del trabajo infantil. Al respecto, el secretario resalt\u00f3 que \u201cuna de las grandes l\u00edneas de trabajo de la Copreti est\u00e1 enfocada en la dimensi\u00f3n social de esta problem\u00e1tica, para lo cual resulta fundamental la articulaci\u00f3n con las distintas \u00e1reas\u201d.<\/p>\n<p>En este sentido, sostuvo: \u201cSe busca mejorar la herramienta y priorizar la lucha contra la problem\u00e1tica\u201d.<\/p>\n<p>Estuvieron presentes en la reuni\u00f3n, la encargada del Copreti, Silvina Abraham; la titular del Instituto Provincial de Discapacidad (Iprodi), Cristina Ponce; la coordinadora del Consejo de Lucha contra la Trata de Personas, Silvina Calveyra; la integrante del Ministerio de Planeamiento, Roc\u00edo Panozzo, la delegada de la Uni\u00f3n Obrera Ladrillera (Uolra), Eliana Mestre, la coordinadora del CGE, Ruth Schumacher y director de Restituci\u00f3n de Derechos del Consejo Provincial del Ni\u00f1o, el Adolescente y la Familia (Copnaf), Ariel Villanueva.<\/p>\n","protected":false},"excerpt":{"rendered":"<p>La Comisi\u00f3n Provincial para la Erradicaci\u00f3n del Trabajo Infantil de Entre R\u00edos (Copreti), dependiente de la Secretar\u00eda de Trabajo, avanz\u00f3 en la actualizaci\u00f3n del protocolo de acci\u00f3n para prevenir y erradicar el trabajo infantil &nbsp; &nbsp; El protocolo provincial de actuaci\u00f3n contra el trabajo infantil es una herramienta que condensa las intervenciones interinstitucionales necesarias para prevenir esta problem\u00e1tica. En la oportunidad, el secretario de Trabajo, Fernando Quinodoz, confirm\u00f3 que la provincia se propondr\u00e1 para ser sede del Encuentro Regional de Copreti, durante el primer semestre del a\u00f1o, para lo cual&#8230;<\/p>\n","protected":false},"author":3,"featured_media":40916,"comment_status":"closed","ping_status":"closed","sticky":false,"template":"","format":"standard","meta":[],"categories":[15],"tags":[],"_links":{"self":[{"href":"https:\/\/www.actualidadadiario.com\/index.php\/wp-json\/wp\/v2\/posts\/40915"}],"collection":[{"href":"https:\/\/www.actualidadadiario.com\/index.php\/wp-json\/wp\/v2\/posts"}],"about":[{"href":"https:\/\/www.actualidadadiario.com\/index.php\/wp-json\/wp\/v2\/types\/post"}],"author":[{"embeddable":true,"href":"https:\/\/www.actualidadadiario.com\/index.php\/wp-json\/wp\/v2\/users\/3"}],"replies":[{"embeddable":true,"href":"https:\/\/www.actualidadadiario.com\/index.php\/wp-json\/wp\/v2\/comments?post=40915"}],"version-history":[{"count":1,"href":"https:\/\/www.actualidadadiario.com\/index.php\/wp-json\/wp\/v2\/posts\/40915\/revisions"}],"predecessor-version":[{"id":40917,"href":"https:\/\/www.actualidadadiario.com\/index.php\/wp-json\/wp\/v2\/posts\/40915\/revisions\/40917"}],"wp:featuredmedia":[{"embeddable":true,"href":"https:\/\/www.actualidadadiario.com\/index.php\/wp-json\/wp\/v2\/media\/40916"}],"wp:attachment":[{"href":"https:\/\/www.actualidadadiario.com\/index.php\/wp-json\/wp\/v2\/media?parent=40915"}],"wp:term":[{"taxonomy":"category","embeddable":true,"href":"https:\/\/www.actualidadadiario.com\/index.php\/wp-json\/wp\/v2\/categories?post=40915"},{"taxonomy":"post_tag","embeddable":true,"href":"https:\/\/www.actualidadadiario.com\/index.php\/wp-json\/wp\/v2\/tags?post=40915"}],"curies":[{"name":"wp","href":"https:\/\/api.w.org\/{rel}","templated":true}]}}