{"id":40912,"date":"2019-02-26T11:18:39","date_gmt":"2019-02-26T14:18:39","guid":{"rendered":"https:\/\/www.actualidadadiario.com\/?p=40912"},"modified":"2019-05-06T20:55:40","modified_gmt":"2019-05-06T23:55:40","slug":"docentes-de-toda-la-provincia-titularizaron-sus-cargos","status":"publish","type":"post","link":"https:\/\/www.actualidadadiario.com\/index.php\/2019\/02\/26\/docentes-de-toda-la-provincia-titularizaron-sus-cargos\/","title":{"rendered":"Docentes de toda la provincia titularizaron sus cargos"},"content":{"rendered":"<p><em><strong>M\u00e1s de 1.000 docentes de toda la provincia, participaron en Paran\u00e1 de los concursos de titularizaci\u00f3n para cargos directivos y de secretarios de nivel inicial, primario y sus modalidades y nivel secundario, organizados por el CGE. Los gremios reconocieron la labor del jurado de concurso<\/strong><\/em><\/p>\n<p>&nbsp;<\/p>\n<p>&nbsp;<\/p>\n<p>De la apertura de los concursos participaron la presidenta del Consejo General de Educaci\u00f3n (CGE), Marta Iraz\u00e1bal de Land\u00f3; la presidenta de Jurado de Concursos, Mar\u00eda Celia Elizaincin y el secretario general de Agmer, Marcelo Pagani, quien reconoci\u00f3 y valor\u00f3 el trabajo de los vocales de jurado de concursos, \u201cporque han hecho un gran trabajo porque sin el trabajo de ellos ser\u00eda imposible estar hoy en este momento ante la posibilidad de ustedes de estabilizar, de tener un trabajo que les permita a algunos arrancar y a otros continuar con su carrera docente. Nosotros reivindicamos fuertemente que esto es producto de los acuerdos paritarios\u201d.<\/p>\n<p>Por su parte, la presidenta del CGE dijo que \u201ces objetivo primordial de esta gesti\u00f3n de gobierno es brindar la profesionalizaci\u00f3n docente y con ello la titularidad para todos y cada uno de ustedes\u201d.<\/p>\n<p>Apunt\u00f3 que \u201csabemos que se merecen la titularidad por capacitarse, estudiar y actualizarse, por participar de todas las iniciativas que se vienen haciendo desde esta gesti\u00f3n educativa. Esta titularizaci\u00f3n es un premio a su constante crecimiento acad\u00e9mico y profesional\u201d.<\/p>\n<p>Tambi\u00e9n resalt\u00f3 la importancia de ambos concursos y destac\u00f3 el esfuerzo que hacen los docentes por prepararse para rendir los concursos de oposici\u00f3n y se\u00f1al\u00f3 \u201ccreo que cada uno de ustedes es parte de la historia educativa y de nuestras escuelas tambi\u00e9n, por eso necesitamos la profesionalizaci\u00f3n docente, la estabilidad y darle continuidad a todos estos concursos\u201d.<\/p>\n<p>Los concursos estuvieron a cargo de Jurado de Concursos del Consejo General de Educaci\u00f3n (CGE), y se realizaron en dos sedes de Paran\u00e1. El acto concursal para Nivel Inicial, Primario y sus modalidades tuvo lugar en el sal\u00f3n del Colegio La Salle, mientras que el de Nivel Secundario y sus modalidades se llev\u00f3 a cabo en el sal\u00f3n auditorio del organismo educativo.<\/p>\n<p>Los concursos se realizaron en el gimnasio del colegio La Salle los del nivel primario y en el sal\u00f3n de actos del CGE, los de nivel secundario. En ambas aperturas, tambi\u00e9n participaron los vocales Marisa Mazza, Rita Nievas, Gast\u00f3n Etchepare, y la vocal gremial, Perla Florent\u00edn. Adem\u00e1s, acompa\u00f1\u00f3 el secretario de de la Asociaci\u00f3n Gremial del Magisterio de Entre R\u00edos (Agmer), Marcelo Pagani; el secretario general de la Asociaci\u00f3n del Magisterio de Ense\u00f1anza T\u00e9cnica (Amet), Andr\u00e9s Bessel, directores de nivel del organismo educativo, entre otros.<\/p>\n<p>Por su parte, la presidenta de Jurado de Concursos, Mar\u00eda Celia Elizaincin, celebr\u00f3 la instancia concursal: \u201cEs un d\u00eda muy especial para todos nosotros y ustedes porque podr\u00e1n titularizar sus cargos, y esto es un logro de esta gesti\u00f3n de gobierno que realmente se ha preocupado siempre por darle estabilidad a todos los docentes y fundamentalmente en estas \u00e9pocas de crisis\u201d.<\/p>\n<p>Adem\u00e1s, Elizaincin indic\u00f3 que, \u201ccomo pol\u00edtica del Consejo General de Educaci\u00f3n siempre se tuvo que al iniciar el ciclo lectivo ten\u00edan que estar todos los docentes en sus puestos con los concursos realizados\u201d. Y agreg\u00f3: \u201cHoy tenemos concursos de directivos y secretarios, ya hubo concursos de supervisores o sea que todos los establecimientos tienen sus plantas completas para poder iniciar las clases sin ninguna dificultad, y cuando los ni\u00f1os, adolescentes, j\u00f3venes adultos ingresen a las aulas se encuentren con una escuela organizada\u201d.<\/p>\n","protected":false},"excerpt":{"rendered":"<p>M\u00e1s de 1.000 docentes de toda la provincia, participaron en Paran\u00e1 de los concursos de titularizaci\u00f3n para cargos directivos y de secretarios de nivel inicial, primario y sus modalidades y nivel secundario, organizados por el CGE. Los gremios reconocieron la labor del jurado de concurso &nbsp; &nbsp; De la apertura de los concursos participaron la presidenta del Consejo General de Educaci\u00f3n (CGE), Marta Iraz\u00e1bal de Land\u00f3; la presidenta de Jurado de Concursos, Mar\u00eda Celia Elizaincin y el secretario general de Agmer, Marcelo Pagani, quien reconoci\u00f3 y valor\u00f3 el trabajo de&#8230;<\/p>\n","protected":false},"author":3,"featured_media":40913,"comment_status":"closed","ping_status":"closed","sticky":false,"template":"","format":"standard","meta":[],"categories":[15],"tags":[],"_links":{"self":[{"href":"https:\/\/www.actualidadadiario.com\/index.php\/wp-json\/wp\/v2\/posts\/40912"}],"collection":[{"href":"https:\/\/www.actualidadadiario.com\/index.php\/wp-json\/wp\/v2\/posts"}],"about":[{"href":"https:\/\/www.actualidadadiario.com\/index.php\/wp-json\/wp\/v2\/types\/post"}],"author":[{"embeddable":true,"href":"https:\/\/www.actualidadadiario.com\/index.php\/wp-json\/wp\/v2\/users\/3"}],"replies":[{"embeddable":true,"href":"https:\/\/www.actualidadadiario.com\/index.php\/wp-json\/wp\/v2\/comments?post=40912"}],"version-history":[{"count":1,"href":"https:\/\/www.actualidadadiario.com\/index.php\/wp-json\/wp\/v2\/posts\/40912\/revisions"}],"predecessor-version":[{"id":40914,"href":"https:\/\/www.actualidadadiario.com\/index.php\/wp-json\/wp\/v2\/posts\/40912\/revisions\/40914"}],"wp:featuredmedia":[{"embeddable":true,"href":"https:\/\/www.actualidadadiario.com\/index.php\/wp-json\/wp\/v2\/media\/40913"}],"wp:attachment":[{"href":"https:\/\/www.actualidadadiario.com\/index.php\/wp-json\/wp\/v2\/media?parent=40912"}],"wp:term":[{"taxonomy":"category","embeddable":true,"href":"https:\/\/www.actualidadadiario.com\/index.php\/wp-json\/wp\/v2\/categories?post=40912"},{"taxonomy":"post_tag","embeddable":true,"href":"https:\/\/www.actualidadadiario.com\/index.php\/wp-json\/wp\/v2\/tags?post=40912"}],"curies":[{"name":"wp","href":"https:\/\/api.w.org\/{rel}","templated":true}]}}