{"id":40909,"date":"2019-02-26T11:17:13","date_gmt":"2019-02-26T14:17:13","guid":{"rendered":"https:\/\/www.actualidadadiario.com\/?p=40909"},"modified":"2019-05-06T20:52:46","modified_gmt":"2019-05-06T23:52:46","slug":"la-provincia-garantiza-el-sostenimiento-de-la-red-publica-de-salud-para-los-sectores-mas-vulnerables","status":"publish","type":"post","link":"https:\/\/www.actualidadadiario.com\/index.php\/2019\/02\/26\/la-provincia-garantiza-el-sostenimiento-de-la-red-publica-de-salud-para-los-sectores-mas-vulnerables\/","title":{"rendered":"La provincia garantiza el sostenimiento de la red p\u00fablica de salud para los sectores m\u00e1s vulnerables"},"content":{"rendered":"<p><em><strong>El gobernador Gustavo Bordet y la ministra de Salud mantuvieron un encuentro de trabajo en el cual analizaron indicadores y proyectaron acciones a seguir. \u201cEl gobierno de la provincia, en este momento de crisis, ha dado una garant\u00eda fundamental de la atenci\u00f3n de salud\u201d, dijo Sonia Vel\u00e1zquez<\/strong><\/em><\/p>\n<p>&nbsp;<\/p>\n<p>&nbsp;<\/p>\n<p>&nbsp;<\/p>\n<p>Tras el encuentro que se desarroll\u00f3 este lunes en Casa de Gobierno, Vel\u00e1zquez asegur\u00f3 que \u201cel gobernador entiende que el \u00e1rea de Salud es una de las m\u00e1s sensibles del gobierno y donde \u00e9l se ha comprometido y compromete diariamente desde la decisi\u00f3n pol\u00edtica y a trav\u00e9s de las acciones concretas con el sostenimiento de la red p\u00fablica y el sistema sanitario integral, tanto con las obras sociales como con el sector privado\u201d.<\/p>\n<p>En ese marco, la ministra destac\u00f3: \u201cEn este momento de crisis no ha quedado un entrerriano sin las garant\u00edas b\u00e1sicas elementales del derecho humano a la salud, ni con prestaciones ni con insumos y queremos seguir con esta l\u00ednea, porque es una decisi\u00f3n pol\u00edtica, un posicionamiento ideol\u00f3gico y es pensar a la salud desde el punto de vista del derecho y no desde el mercado\u201d.<\/p>\n<p>Sobre los temas que trataron en la reuni\u00f3n, Vel\u00e1zquez dijo que estuvieron analizando los indicadores de salud del primer trimestre y en ese marco, la disminuci\u00f3n de los indicadores de morbi mortalidad materno infantil. \u201cHicimos u repaso pormenorizado del comportamiento que tuvo la misma en los distintos departamentos\u201d, precis\u00f3.<\/p>\n<p>En ese sentido, puntualiz\u00f3: \u201cEl gobernador nos pide que redoblemos esfuerzos, que podamos profundizar un trabajo sostenido estrat\u00e9gico para los distintos departamentos, y que tengamos especial hincapi\u00e9 en la sustentabilidad para las regiones sanitarias que se ubican en los departamentos m\u00e1s alejados y con mayor vulnerabilidad\u201d. Se trata de darle \u201cespecial \u00e9nfasis tambi\u00e9n para una pol\u00edtica de trabajo con los departamentos Feliciano, Federal, Villaguay e Islas; tanto para Feliciano como para Villaguay tenemos prevista la concreci\u00f3n de las rondas sanitarias\u201d.<\/p>\n<p>Al respecto la ministra explic\u00f3 que se trata de &#8220;ir con postas sanitarias y constituir redes de salud, de laboratorio y de otras atenciones sanitarias para la poblaci\u00f3n del norte y centro de la provincia&#8221;. La especificidad de los departamentos en los cuales se implementar\u00e1, se debe a que requieren de mayor fortaleza: \u201cPor ejemplo, para Feliciano en las postas sanitarias, la poblaci\u00f3n rural depende mucho de la accesibilidad al sistema sanitario, por lo cual nosotros elaboramos estas rondas sanitarias programadas, planificadas con recursos humanos y veh\u00edculos para ir en forma sostenida todos los d\u00edas\u201d, indic\u00f3.<\/p>\n<p>&nbsp;<\/p>\n<p><strong>Organizaci\u00f3n Panamericana de la Salud<\/strong><\/p>\n<p>Vel\u00e1zquez, por otro lado, coment\u00f3 que con el mandatario repasaron \u201cla visita de la Organizaci\u00f3n Panamericana de la Salud con sede en Argentina, que se va a desarrollar en las pr\u00f3ximas semanas&#8221;. Y detall\u00f3 que &#8220;la visita tiene un valor agregado porque el equipo de salud de la OPS colabor\u00f3 mucho en las instancias de capacitaci\u00f3n para ordenar la regionalizaci\u00f3n perinatal y poder impactar fuertemente en estos indicadores sanitarios que tenemos que seguir sosteniendo&#8221;. Adem\u00e1s de &#8220;pensar en la firma de un nuevo convenio con la OPS para este a\u00f1o calendario&#8221;.<\/p>\n<p>&nbsp;<\/p>\n<p><strong>Sala de Situaci\u00f3n Sanitaria<\/strong><\/p>\n<p>La titular de la cartera de Salud dijo adem\u00e1s que en el encuentro avanzaron con el gobernador sobre la inauguraci\u00f3n de la sala de situaci\u00f3n sanitaria de la provincia de Entre R\u00edos. &#8220;En la Sala vamos a mostrar indicadores tanto de hechos vitales que contamos en nuestras bases de datos como tambi\u00e9n indicadores poblacionales, mapas de regi\u00f3n, y el comportamiento de las semanas epidemiol\u00f3gicas en nuestra provincia. Esto es un dispositivo que no solamente va a ser de val\u00eda para los equipos de salud provincial, sino tambi\u00e9n para organismos con los cuales estamos trabajando, como universidades y residencias m\u00e9dicas&#8221;, expres\u00f3.<\/p>\n<p>A su vez la ministra puntualiz\u00f3 que es un &#8220;dispositivo visual que se va a ubicar en las oficinas centrales de la Secretar\u00eda de Salud, que se presenta a trav\u00e9s de herramientas como pantallas digitales, algunos p\u00f3sters con mapas y que concentran la informaci\u00f3n de hechos vitales de todo lo que ocurre en el comportamiento de los ciclos de vida de los entrerrianos, a nivel tanto de nacimiento como de mortalidad por distintas causas y por los distintos ciclos de vida&#8221;.<\/p>\n<p>En esa instancia &#8220;vamos a presentar el comportamiento de las semanas epidemiol\u00f3gicas, tambi\u00e9n un mapa de situaci\u00f3n de los recursos humanos en salud, y presupuesto, as\u00ed como lo referente a las regiones sanitarias. Nosotros hemos establecido por normativa cuatro regiones sanitarias en nuestra provincia&#8221;, record\u00f3. \u201cEs un dispositivo visual que acerca datos en tiempo y forma on line para poder tomar decisiones planificadas y programadas en el tiempo&#8221;, ampli\u00f3.<\/p>\n<p>&nbsp;<\/p>\n<p><strong>Prestaciones de alto costo<\/strong><\/p>\n<p>Vel\u00e1zquez inform\u00f3 que junto a Bordet analizaron una propuesta que se encuentran trabajando con el Iosper: \u201cEs un seguro para prestaciones de alto costo. Por el impacto del modelo econ\u00f3mico nacional que nos impacta d\u00eda a d\u00eda, ya que con el aumento del d\u00f3lar, nos repercute en los insumos y recursos sanitarios que tenemos que sumir desde la red p\u00fablica&#8221;, explic\u00f3.<\/p>\n<p>\u201cDe acuerdo al panorama del pa\u00eds, uno de los sectores m\u00e1s vulnerables ha sido el de salud, porque la seguridad social est\u00e1 en crisis y los sistemas de salud est\u00e1n interpelados por el modelo especulativo del mercado, que incide fuertemente en los precios de insumos y en prestaciones de alto costo\u201d, reflexion\u00f3. \u201cPor la modificaci\u00f3n del perfil socioepidemiol\u00f3gico de la poblaci\u00f3n de Entre R\u00edos, hemos virado hacia las enfermedades cr\u00f3nicas no transmisibles. Estas prestaciones tienen mucha incidencia en el presupuesto provincial. Cuando hay una obra social que da la negativa a nivel de la cobertura es el Estado el que se tiene que hacer cargo, por lo cual estamos trabajando en un \u00e1mbito que pueda ser vinculante tambi\u00e9n a la hora de prescribir medicamentos de alto costo de uso compasivo pero tambi\u00e9n de revisar estas prestaciones\u201d, complet\u00f3.<\/p>\n<p>Finalmente, la ministra asever\u00f3: \u201cEstamos pensando en una alternativa que sirva para proteger la sustentabilidad y tambi\u00e9n vamos estudiar una l\u00ednea financiera para visualizar c\u00f3mo aseguramos la prestaci\u00f3n y el derecho humano fundamental que trabajamos con una concepci\u00f3n de garantizar la salud\u201d<\/p>\n","protected":false},"excerpt":{"rendered":"<p>El gobernador Gustavo Bordet y la ministra de Salud mantuvieron un encuentro de trabajo en el cual analizaron indicadores y proyectaron acciones a seguir. \u201cEl gobierno de la provincia, en este momento de crisis, ha dado una garant\u00eda fundamental de la atenci\u00f3n de salud\u201d, dijo Sonia Vel\u00e1zquez &nbsp; &nbsp; &nbsp; Tras el encuentro que se desarroll\u00f3 este lunes en Casa de Gobierno, Vel\u00e1zquez asegur\u00f3 que \u201cel gobernador entiende que el \u00e1rea de Salud es una de las m\u00e1s sensibles del gobierno y donde \u00e9l se ha comprometido y compromete diariamente&#8230;<\/p>\n","protected":false},"author":3,"featured_media":40910,"comment_status":"closed","ping_status":"closed","sticky":false,"template":"","format":"standard","meta":[],"categories":[15],"tags":[],"_links":{"self":[{"href":"https:\/\/www.actualidadadiario.com\/index.php\/wp-json\/wp\/v2\/posts\/40909"}],"collection":[{"href":"https:\/\/www.actualidadadiario.com\/index.php\/wp-json\/wp\/v2\/posts"}],"about":[{"href":"https:\/\/www.actualidadadiario.com\/index.php\/wp-json\/wp\/v2\/types\/post"}],"author":[{"embeddable":true,"href":"https:\/\/www.actualidadadiario.com\/index.php\/wp-json\/wp\/v2\/users\/3"}],"replies":[{"embeddable":true,"href":"https:\/\/www.actualidadadiario.com\/index.php\/wp-json\/wp\/v2\/comments?post=40909"}],"version-history":[{"count":1,"href":"https:\/\/www.actualidadadiario.com\/index.php\/wp-json\/wp\/v2\/posts\/40909\/revisions"}],"predecessor-version":[{"id":40911,"href":"https:\/\/www.actualidadadiario.com\/index.php\/wp-json\/wp\/v2\/posts\/40909\/revisions\/40911"}],"wp:featuredmedia":[{"embeddable":true,"href":"https:\/\/www.actualidadadiario.com\/index.php\/wp-json\/wp\/v2\/media\/40910"}],"wp:attachment":[{"href":"https:\/\/www.actualidadadiario.com\/index.php\/wp-json\/wp\/v2\/media?parent=40909"}],"wp:term":[{"taxonomy":"category","embeddable":true,"href":"https:\/\/www.actualidadadiario.com\/index.php\/wp-json\/wp\/v2\/categories?post=40909"},{"taxonomy":"post_tag","embeddable":true,"href":"https:\/\/www.actualidadadiario.com\/index.php\/wp-json\/wp\/v2\/tags?post=40909"}],"curies":[{"name":"wp","href":"https:\/\/api.w.org\/{rel}","templated":true}]}}