{"id":40892,"date":"2019-02-22T12:36:56","date_gmt":"2019-02-22T15:36:56","guid":{"rendered":"https:\/\/www.actualidadadiario.com\/?p=40892"},"modified":"2019-05-06T20:53:36","modified_gmt":"2019-05-06T23:53:36","slug":"incluyen-al-padre-grassi-en-el-registro-genetico-de-violadores","status":"publish","type":"post","link":"https:\/\/www.actualidadadiario.com\/index.php\/2019\/02\/22\/incluyen-al-padre-grassi-en-el-registro-genetico-de-violadores\/","title":{"rendered":"Incluyen al padre Grassi en el registro gen\u00e9tico de violadores"},"content":{"rendered":"<p><em><strong>Esperan que el caso sea tratado\u00a0en la cumbre convocada en las \u00faltimas horas por el papa Francisco<\/strong><\/em><\/p>\n<p>&nbsp;<\/p>\n<p>&nbsp;<\/p>\n<p>La justicia orden\u00f3 extraer muestras de ADN del cura Julio C\u00e9sar Grassi, condenado a 15 a\u00f1os de prisi\u00f3n por abuso sexual agravado y corrupci\u00f3n de menores en 2009, y dispuso inscribirlo en el Registro Nacional de Datos Gen\u00e9ticos vinculados a delitos contra la integridad sexual, creado por la ley Nacional 26.879.<\/p>\n<p>La medida conocida hoy fue ordenada el 13 de febrero por el Tribunal Criminal 1 de Mor\u00f3n y fue firmada por los magistrados Claudio Jos\u00e9 Chaminade y Mariana Maldonado, seg\u00fan informaron fuentes judiciales.<\/p>\n<p>&#8220;La resoluci\u00f3n expresa que los par\u00e1metros de Grassi, al tener sentencia y condena firme como delincuente sexual, se corresponde con lo que dispone la ley que crea el registro nacional de violadores y orden\u00f3 extraer muestras biol\u00f3gicas para inscribirlo ah\u00ed&#8221;, inform\u00f3 hoy a T\u00e9lam el abogado querellante, Juan Pablo Gallego, en una causa que comenz\u00f3 el 23 de octubre de 2002 y finaliz\u00f3 a fin de 2009 con la condena contra Grassi por abuso sexual agravado y corrupci\u00f3n de menores de la Fundaci\u00f3n Felices los Ni\u00f1os.<\/p>\n<p>Adem\u00e1s, el abogado indic\u00f3 que tienen expectativas de que &#8220;el caso sea tratado en la cumbre convocada en las \u00faltimas horas por el papa Francisco y que se castigue a Grassi con la expulsi\u00f3n de la Iglesia y su reducci\u00f3n al estado laical&#8221;.<\/p>\n<p>Gallego expres\u00f3 por escrito en la medida interpuesta por el Tribunal 1 de Mor\u00f3n que &#8220;la Iglesia debe pasar de su tratamiento de lo abstracto a lo concreto, la situaci\u00f3n de Grassi es insostenible porque hasta la Corte Suprema de Justicia se pronunci\u00f3 sobre su condena&#8221;.<\/p>\n<p>La causa se inici\u00f3 el 23 de octubre de 2002 con la emisi\u00f3n de un programa televisivo donde tres j\u00f3venes con sus rostros cubiertos denunciaron haber sido abusados por el padre Julio Grassi en la Fundaci\u00f3n Felices los Ni\u00f1os.<\/p>\n<p>Fue condenado por abuso sexual agravado y ordenaron la libertad morigerada con la prohibici\u00f3n de acercarse a la Fundaci\u00f3n, que en ese momento era lugar de alojamiento de chicos en situaci\u00f3n de calle con conflictos con la justicia.<\/p>\n<p>El proceso finaliz\u00f3 el 10 de junio de 2009 cuando el Tribunal conden\u00f3 al cura a 15 a\u00f1os de prisi\u00f3n, quien antes hab\u00eda estado detenido bajo prisi\u00f3n domiciliaria tres meses en 2012 hasta que finalmente la justicia orden\u00f3 su detenci\u00f3n definitiva el 23 de septiembre de 2013 hasta hoy en el servicio penitenciario provincial, de la unidad de Campana.<\/p>\n<p>La sentencia qued\u00f3 firme el 21 de marzo de 2017.<\/p>\n<p>&nbsp;<\/p>\n<p><strong>22 a\u00f1os despu\u00e9s<\/strong><\/p>\n<p>Grassi, a cargo de la Fundaci\u00f3n Felices los Ni\u00f1os, fue denunciado en 1991 ante los Juzgados de Mercedes y de Mor\u00f3n pero luego de 11 a\u00f1os comenz\u00f3 la investigaci\u00f3n del proceso en una causa unificada, al hacerse p\u00fablico el caso en un programa televisivo en 2002 y, tras 22 a\u00f1os, la justicia orden\u00f3 su detenci\u00f3n definitiva.<\/p>\n<p>La causa se inici\u00f3 formalmente luego de que tres j\u00f3venes aparecieran el 23 de octubre de 2002 encapuchados en un programa de investigaci\u00f3n de televisi\u00f3n y revelaran lo sucedido.<\/p>\n<p>&#8220;En ese mismo momento, el cura Grassi- que desfilaba por los programas televisivos- estaba en otro canal con el periodista Mariano Grondona y cuando le avisan que la polic\u00eda lo iba a detener, se fuga y se entrega a la justicia al otro d\u00eda&#8221;, describi\u00f3 a T\u00e9lam el querellante en la causa, Juan Pablo Gallardo.<\/p>\n<p>La justicia lo mantiene detenido durante 29 d\u00edas y el 21 de noviembre es procesado por abuso sexual agravado y ordenan una &#8220;libertad morigerada&#8221;, con la cual permanece casi todo el proceso de investigaci\u00f3n.<\/p>\n<p>Reci\u00e9n en 2008 comienza el juicio oral y el 10 de junio de 2009 el Tribunal Oral en lo Criminal 1 de Mor\u00f3n lo condena a 15 a\u00f1os de c\u00e1rcel por tres hechos denunciados por Gabriel, uno de los adolescentes involucrados, y lo absuelven por otros 14 hechos contra los otros dos menores conocidos con los seud\u00f3nimos de Luis y Ezequiel.<\/p>\n<p>El 1 de junio de 2012 la sala II de la C\u00e1mara en lo Penal de Apelaciones de Mor\u00f3n revoca la prisi\u00f3n domiciliara dispuesta en 2011 y reci\u00e9n el 22 de Abril del 2013 el Tribunal Oral ordena su detenci\u00f3n por violentar su libertad morigerada.<\/p>\n<p>La detenci\u00f3n de Grassi se concret\u00f3 el 23 de septiembre de ese a\u00f1o, luego de que la Corte Suprema de Justicia de la provincia de Buenos Aires confirmara su condena por 15 a\u00f1os de prisi\u00f3n por abuso sexual agravado y corrupci\u00f3n de menores.<\/p>\n<p>&#8220;Se logra que vaya a prisi\u00f3n porque se menciona la posibilidad de fuga y porque atac\u00f3 en una de las v\u00edctimas, Gabriel, en un programa televisivo de Mauro Viale. Luego de presentar el video, ordenan detenerlo&#8221;, indic\u00f3 el letrado querellante.<\/p>\n","protected":false},"excerpt":{"rendered":"<p>Esperan que el caso sea tratado\u00a0en la cumbre convocada en las \u00faltimas horas por el papa Francisco &nbsp; &nbsp; La justicia orden\u00f3 extraer muestras de ADN del cura Julio C\u00e9sar Grassi, condenado a 15 a\u00f1os de prisi\u00f3n por abuso sexual agravado y corrupci\u00f3n de menores en 2009, y dispuso inscribirlo en el Registro Nacional de Datos Gen\u00e9ticos vinculados a delitos contra la integridad sexual, creado por la ley Nacional 26.879. La medida conocida hoy fue ordenada el 13 de febrero por el Tribunal Criminal 1 de Mor\u00f3n y fue firmada&#8230;<\/p>\n","protected":false},"author":3,"featured_media":40893,"comment_status":"closed","ping_status":"closed","sticky":false,"template":"","format":"standard","meta":[],"categories":[4],"tags":[],"_links":{"self":[{"href":"https:\/\/www.actualidadadiario.com\/index.php\/wp-json\/wp\/v2\/posts\/40892"}],"collection":[{"href":"https:\/\/www.actualidadadiario.com\/index.php\/wp-json\/wp\/v2\/posts"}],"about":[{"href":"https:\/\/www.actualidadadiario.com\/index.php\/wp-json\/wp\/v2\/types\/post"}],"author":[{"embeddable":true,"href":"https:\/\/www.actualidadadiario.com\/index.php\/wp-json\/wp\/v2\/users\/3"}],"replies":[{"embeddable":true,"href":"https:\/\/www.actualidadadiario.com\/index.php\/wp-json\/wp\/v2\/comments?post=40892"}],"version-history":[{"count":1,"href":"https:\/\/www.actualidadadiario.com\/index.php\/wp-json\/wp\/v2\/posts\/40892\/revisions"}],"predecessor-version":[{"id":40894,"href":"https:\/\/www.actualidadadiario.com\/index.php\/wp-json\/wp\/v2\/posts\/40892\/revisions\/40894"}],"wp:featuredmedia":[{"embeddable":true,"href":"https:\/\/www.actualidadadiario.com\/index.php\/wp-json\/wp\/v2\/media\/40893"}],"wp:attachment":[{"href":"https:\/\/www.actualidadadiario.com\/index.php\/wp-json\/wp\/v2\/media?parent=40892"}],"wp:term":[{"taxonomy":"category","embeddable":true,"href":"https:\/\/www.actualidadadiario.com\/index.php\/wp-json\/wp\/v2\/categories?post=40892"},{"taxonomy":"post_tag","embeddable":true,"href":"https:\/\/www.actualidadadiario.com\/index.php\/wp-json\/wp\/v2\/tags?post=40892"}],"curies":[{"name":"wp","href":"https:\/\/api.w.org\/{rel}","templated":true}]}}