{"id":40886,"date":"2019-02-22T12:35:03","date_gmt":"2019-02-22T15:35:03","guid":{"rendered":"https:\/\/www.actualidadadiario.com\/?p=40886"},"modified":"2019-05-06T20:55:07","modified_gmt":"2019-05-06T23:55:07","slug":"el-gobierno-oficializo-el-llamado-a-sesiones-ordinarias-del-congreso","status":"publish","type":"post","link":"https:\/\/www.actualidadadiario.com\/index.php\/2019\/02\/22\/el-gobierno-oficializo-el-llamado-a-sesiones-ordinarias-del-congreso\/","title":{"rendered":"El Gobierno oficializ\u00f3 el llamado a sesiones ordinarias del Congreso"},"content":{"rendered":"<p><em><strong>Lo hizo a trav\u00e9s del Decreto 139\/2019. El 137\u00b0 per\u00edodo legislativo arrancar\u00e1, como todos los a\u00f1os, el 1 de marzo<\/strong><\/em><\/p>\n<p>&nbsp;<\/p>\n<p>&nbsp;<\/p>\n<p>El Gobierno formaliz\u00f3 este viernes el llamado a un nuevo per\u00edodo legislativo \u2013 el 137\u00b0 \u2013 para el 1\u00b0 de marzo a las 11.<\/p>\n<p>Lo hizo a trav\u00e9s del Decreto 139\/2019, publicado en el Bolet\u00edn Oficial, con la firma de la vicepresidenta Gabriela Michetti (en ausencia de Mauricio Macri que se encuentra de gira por Asia) y del jefe de Gabinete, Marcos Pe\u00f1a.<\/p>\n<p>El Gobierno trabaja en un proyecto de ley de incentivos para las pymes que, de concretarse, ser\u00eda anunciado por el Presidente en la apertura de las sesiones ordinarias.<\/p>\n<p>Adem\u00e1s, se espera que se traten otras iniciativas auspiciadas por la administraci\u00f3n de Cambiemos como la vinculada a la violencia en el f\u00fatbol, el financiamiento de partidos pol\u00edticos y el r\u00e9gimen penal juvenil, pese a que se espera poca actividad legislativa como suele suceder durante los a\u00f1os electorales.<\/p>\n<p>Esta ser\u00e1 la cuarta vez que Macri se dirija a la Asamblea Legislativa, en un discurso que, todo parece indicarlo, ser\u00e1 en clave electoral.<\/p>\n","protected":false},"excerpt":{"rendered":"<p>Lo hizo a trav\u00e9s del Decreto 139\/2019. El 137\u00b0 per\u00edodo legislativo arrancar\u00e1, como todos los a\u00f1os, el 1 de marzo &nbsp; &nbsp; El Gobierno formaliz\u00f3 este viernes el llamado a un nuevo per\u00edodo legislativo \u2013 el 137\u00b0 \u2013 para el 1\u00b0 de marzo a las 11. Lo hizo a trav\u00e9s del Decreto 139\/2019, publicado en el Bolet\u00edn Oficial, con la firma de la vicepresidenta Gabriela Michetti (en ausencia de Mauricio Macri que se encuentra de gira por Asia) y del jefe de Gabinete, Marcos Pe\u00f1a. El Gobierno trabaja en un&#8230;<\/p>\n","protected":false},"author":3,"featured_media":40887,"comment_status":"closed","ping_status":"closed","sticky":false,"template":"","format":"standard","meta":[],"categories":[9],"tags":[],"_links":{"self":[{"href":"https:\/\/www.actualidadadiario.com\/index.php\/wp-json\/wp\/v2\/posts\/40886"}],"collection":[{"href":"https:\/\/www.actualidadadiario.com\/index.php\/wp-json\/wp\/v2\/posts"}],"about":[{"href":"https:\/\/www.actualidadadiario.com\/index.php\/wp-json\/wp\/v2\/types\/post"}],"author":[{"embeddable":true,"href":"https:\/\/www.actualidadadiario.com\/index.php\/wp-json\/wp\/v2\/users\/3"}],"replies":[{"embeddable":true,"href":"https:\/\/www.actualidadadiario.com\/index.php\/wp-json\/wp\/v2\/comments?post=40886"}],"version-history":[{"count":1,"href":"https:\/\/www.actualidadadiario.com\/index.php\/wp-json\/wp\/v2\/posts\/40886\/revisions"}],"predecessor-version":[{"id":40888,"href":"https:\/\/www.actualidadadiario.com\/index.php\/wp-json\/wp\/v2\/posts\/40886\/revisions\/40888"}],"wp:featuredmedia":[{"embeddable":true,"href":"https:\/\/www.actualidadadiario.com\/index.php\/wp-json\/wp\/v2\/media\/40887"}],"wp:attachment":[{"href":"https:\/\/www.actualidadadiario.com\/index.php\/wp-json\/wp\/v2\/media?parent=40886"}],"wp:term":[{"taxonomy":"category","embeddable":true,"href":"https:\/\/www.actualidadadiario.com\/index.php\/wp-json\/wp\/v2\/categories?post=40886"},{"taxonomy":"post_tag","embeddable":true,"href":"https:\/\/www.actualidadadiario.com\/index.php\/wp-json\/wp\/v2\/tags?post=40886"}],"curies":[{"name":"wp","href":"https:\/\/api.w.org\/{rel}","templated":true}]}}