{"id":40883,"date":"2019-02-22T12:34:23","date_gmt":"2019-02-22T15:34:23","guid":{"rendered":"https:\/\/www.actualidadadiario.com\/?p=40883"},"modified":"2019-05-06T20:50:08","modified_gmt":"2019-05-06T23:50:08","slug":"ucr-emitieron-un-comunicado-critico-sobre-la-situacion-economica-del-pais","status":"publish","type":"post","link":"https:\/\/www.actualidadadiario.com\/index.php\/2019\/02\/22\/ucr-emitieron-un-comunicado-critico-sobre-la-situacion-economica-del-pais\/","title":{"rendered":"UCR: emitieron un comunicado cr\u00edtico sobre la situaci\u00f3n econ\u00f3mica del pa\u00eds"},"content":{"rendered":"<p><em><strong>As\u00ed lo expuso la Comisi\u00f3n de Econom\u00eda del Instituto Radical de Pol\u00edticas P\u00fablicas<\/strong><\/em><\/p>\n<p>&nbsp;<\/p>\n<p>&nbsp;<\/p>\n<p>La Convenci\u00f3n Nacional de la Uni\u00f3n C\u00edvica Radical (UCR), cuyo presidente es Jorge Sappia, expuso un cr\u00edtico documento sobre la situaci\u00f3n econ\u00f3mica y social del pa\u00eds, en el que exige un programa econ\u00f3mico que \u201cgarantice el empleo y fomente el crecimiento\u201d.<\/p>\n<p>El comunicado, elaborado por la Comisi\u00f3n de Econom\u00eda del Instituto Radical de Pol\u00edticas P\u00fablicas de la Convenci\u00f3n, manifiesta la preocupaci\u00f3n por la \u201crecesi\u00f3n profunda\u201d que vive el pa\u00eds y la influencia que tienen en el \u201caumento de la desocupaci\u00f3n y el crecimiento de la pobreza\u201d.<\/p>\n<p>Seg\u00fan confirmo la agencia de noticias T\u00e9lam, el informe fue entregado a la misi\u00f3n del Fondo Monetario Internacional (FMI), que desde el 11 de febrero se encuentra en el pa\u00eds para la tercera revisi\u00f3n del programa que el organismo multilateral acord\u00f3 con el equipo econ\u00f3mico del Gobierno nacional.<\/p>\n<p>El documento redactado por la Comisi\u00f3n de Econom\u00eda de la Convenci\u00f3n, coordinado por Miguel Ponce, expone la necesidad de \u201cun verdadero plan econ\u00f3mico que garantice el empleo y fomente el crecimiento y las exportaciones genuinas\u201d que permita \u201cmantener el clima socioecon\u00f3mico bajo control\u201d.<\/p>\n<p>Cabe recordar que el vicepresidente de la UCR, Federico Storani, declar\u00f3 sobre Cambiemos &#8220;el PRO es un gobierno muy cerrado, cre\u00edan que eran un dream team y est\u00e1n muy lejos de serlo&#8221;. El dirigente radical Ernesto Sanz reclam\u00f3 que la coalici\u00f3n Cambiemos defina a su candidato a presidente en elecciones primarias y justific\u00f3 la estrategia al indicar que as\u00ed &#8220;algunos votantes desencantados&#8221; pueden &#8220;encontrar una v\u00eda de expresi\u00f3n&#8221;.<\/p>\n<p>&#8220;Hoy una PASO puede significar la posibilidad de que se ampl\u00ede el marco de la oferta dentro de Cambiemos respecto al electorado. Y que algunos votantes desencantados encuentren una v\u00eda de expresi\u00f3n y que puedan, nutriendo a Cambiemos, porque lo defiendo a muerte, darle mucho vigor&#8221;, sostuvo Sanz en El Destape Radio.<\/p>\n<p>El dirigente radical remarc\u00f3 que &#8220;la UCR tiene que tener una candidatura propia&#8221; y ubic\u00f3 al diputado Lousteau como la figura a impulsar. &#8220;La imagen de Macri est\u00e1 en baja porque no pudo cumplir ni las promesas que se autoimpuso como bajar la pobreza y la inflaci\u00f3n&#8221;, se\u00f1al\u00f3.<\/p>\n<p>El exministro del Interior explic\u00f3 que la UCR intent\u00f3 &#8220;llegar a acuerdos en La Pampa, pero que compitieron en internas porque &#8220;hubo mucha soberbia de (Carlos) Mac Allister y del gobierno nacional&#8221;. &#8220;El gobierno del PRO a trav\u00e9s de Marcos Pe\u00f1a y (Rogelio) Frigerio han tratado de involucrarse en las internas bajando candidaturas&#8221; en distintas provincias, lament\u00f3.<\/p>\n","protected":false},"excerpt":{"rendered":"<p>As\u00ed lo expuso la Comisi\u00f3n de Econom\u00eda del Instituto Radical de Pol\u00edticas P\u00fablicas &nbsp; &nbsp; La Convenci\u00f3n Nacional de la Uni\u00f3n C\u00edvica Radical (UCR), cuyo presidente es Jorge Sappia, expuso un cr\u00edtico documento sobre la situaci\u00f3n econ\u00f3mica y social del pa\u00eds, en el que exige un programa econ\u00f3mico que \u201cgarantice el empleo y fomente el crecimiento\u201d. El comunicado, elaborado por la Comisi\u00f3n de Econom\u00eda del Instituto Radical de Pol\u00edticas P\u00fablicas de la Convenci\u00f3n, manifiesta la preocupaci\u00f3n por la \u201crecesi\u00f3n profunda\u201d que vive el pa\u00eds y la influencia que tienen en&#8230;<\/p>\n","protected":false},"author":3,"featured_media":40884,"comment_status":"closed","ping_status":"closed","sticky":false,"template":"","format":"standard","meta":[],"categories":[18],"tags":[],"_links":{"self":[{"href":"https:\/\/www.actualidadadiario.com\/index.php\/wp-json\/wp\/v2\/posts\/40883"}],"collection":[{"href":"https:\/\/www.actualidadadiario.com\/index.php\/wp-json\/wp\/v2\/posts"}],"about":[{"href":"https:\/\/www.actualidadadiario.com\/index.php\/wp-json\/wp\/v2\/types\/post"}],"author":[{"embeddable":true,"href":"https:\/\/www.actualidadadiario.com\/index.php\/wp-json\/wp\/v2\/users\/3"}],"replies":[{"embeddable":true,"href":"https:\/\/www.actualidadadiario.com\/index.php\/wp-json\/wp\/v2\/comments?post=40883"}],"version-history":[{"count":1,"href":"https:\/\/www.actualidadadiario.com\/index.php\/wp-json\/wp\/v2\/posts\/40883\/revisions"}],"predecessor-version":[{"id":40885,"href":"https:\/\/www.actualidadadiario.com\/index.php\/wp-json\/wp\/v2\/posts\/40883\/revisions\/40885"}],"wp:featuredmedia":[{"embeddable":true,"href":"https:\/\/www.actualidadadiario.com\/index.php\/wp-json\/wp\/v2\/media\/40884"}],"wp:attachment":[{"href":"https:\/\/www.actualidadadiario.com\/index.php\/wp-json\/wp\/v2\/media?parent=40883"}],"wp:term":[{"taxonomy":"category","embeddable":true,"href":"https:\/\/www.actualidadadiario.com\/index.php\/wp-json\/wp\/v2\/categories?post=40883"},{"taxonomy":"post_tag","embeddable":true,"href":"https:\/\/www.actualidadadiario.com\/index.php\/wp-json\/wp\/v2\/tags?post=40883"}],"curies":[{"name":"wp","href":"https:\/\/api.w.org\/{rel}","templated":true}]}}