{"id":40880,"date":"2019-02-22T12:33:47","date_gmt":"2019-02-22T15:33:47","guid":{"rendered":"https:\/\/www.actualidadadiario.com\/?p=40880"},"modified":"2019-05-06T20:51:56","modified_gmt":"2019-05-06T23:51:56","slug":"mas-dirigentes-radicales-piden-enfrentar-a-macri-en-las-paso","status":"publish","type":"post","link":"https:\/\/www.actualidadadiario.com\/index.php\/2019\/02\/22\/mas-dirigentes-radicales-piden-enfrentar-a-macri-en-las-paso\/","title":{"rendered":"M\u00e1s dirigentes radicales piden enfrentar a Macri en las PASO"},"content":{"rendered":"<p><em><strong>Al reclamo para que el macrismo acepte competir en primarias nacionales, se le suman tambi\u00e9n los conflictos en distintas provincias donde la UCR se resiste a bajar sus candidatos. En C\u00f3rdoba, Mestre dar\u00e1 la pelea contra Negri, impulsado por la Rosada<\/strong><\/em><\/p>\n<p>&nbsp;<\/p>\n<p>&nbsp;<\/p>\n<p>&nbsp;<\/p>\n<p>Mientras el gobierno intenta bajarle el precio a una eventual candidatura de Mart\u00edn Lousteau, m\u00e1s dirigentes radicales salieron a respaldar su postulaci\u00f3n y reclamarle al PRO que acepte la competencia interna en las PASO del 11 de agosto y tambi\u00e9n en las distintas provincias. El vicepresidente del Comit\u00e9 Nacional, Federico Storani, y el titular de la Convenci\u00f3n Nacional, Jorge Sappia, reiteraron ayer su pedido para que la UCR lleve candidatos propios, l\u00ednea que en los \u00faltimos d\u00edas plantearon Alfredo Cornejo, Ricardo Alfons\u00edn, Ram\u00f3n Mestre y Ernesto Sanz, que a su vez expresan distintas corrientes al interior del partido. Las diferencias con el PRO se cristalizar\u00e1n en la reuni\u00f3n de la Convenci\u00f3n radical prevista para los primeros d\u00edas de abril. Si bien el lugar no est\u00e1 definido, una opci\u00f3n podr\u00eda ser Corrientes, gobernada por el correligionario Gustavo Vald\u00e9s.<\/p>\n<p>\u201cCreo que Mart\u00edn Lousteau puede hacer una muy buena elecci\u00f3n e incluso lograr un triunfo\u201d, se entusiasm\u00f3 Storani, uno de los dirigentes m\u00e1s cr\u00edticos de la conducci\u00f3n radical que representa Cornejo, gobernador de Mendoza. Seg\u00fan el ex ministro del Interior, \u201cel triunfo de la UCR en La Pampa puede extenderse a todo el pa\u00eds\u201d, donde se lleg\u00f3 a internas porque \u201chubo mucha soberbia de Carlos Mac Allister y del gobierno nacional\u201d. Daniel Kroneberger, el diputado radical le sac\u00f3 m\u00e1s de 30 puntos al ex futbolista en la elecci\u00f3n del \u00faltimo domingo.<\/p>\n<p>D\u00edas despu\u00e9s, desde la gira por Asia de la que particip\u00f3 junto al presidente Mauricio Macri, Lousteau se agarr\u00f3 de esa victoria y pidi\u00f3 no temerle a las PASO. \u201cNo deber\u00eda haber miedo a competir\u201d, dijo. Asegur\u00f3 que no tiene definido a\u00fan si ser\u00e1 o no candidato a alg\u00fan cargo, aunque los radicales saben que es el \u00fanico dirigente con chances de dar una pelea digna con el l\u00edder del PRO. El antecedente de 2015, cuando Ernesto Sanz sac\u00f3 el 3,34 por ciento frente al 2,28 de Elisa Carri\u00f3 y el 24,5 de Mauricio Macri.<\/p>\n<p>Al conflicto nacional se le agrega una provincia clave para el oficialismo. La de C\u00f3rdoba. All\u00ed Macri quiso imponer la postulaci\u00f3n de Mario Negri, jefe de la bancada radical en Diputados, pero no tuvo \u00e9xito. El intendente de la capital, Ram\u00f3n Mestre, avis\u00f3 que est\u00e1 dispuesto a dar la pelea. El jefe municipal logr\u00f3 aglutinar detr\u00e1s de \u00e9l el respaldo de la extensa estructura territorial de la UCR en ese distrito, por lo que sus chances son mayores que las de Negri. En vano fueron las presiones del jefe de Gabinete, Marcos Pe\u00f1a, el ministro del Interior Rogelio Frigerio e incluso de su correligionario Alfredo Cornejo para que se bajara de la pelea. Mestre sabe que en C\u00f3rdoba no hay primarias abiertas por lo que para dirimir la postulaci\u00f3n deber\u00edan convocar a una postulaci\u00f3n entre afiliados a los distintos partidos de Cambiemos y tambi\u00e9n a los independientes. Dirigentes que conocen como nadie la provincia mediterr\u00e1nea hac\u00edan c\u00e1lculos: el radicalismo cuenta con 234 mil afiliados (que en su gran mayor\u00eda votar\u00edan por Mestre), en cambio el PRO tiene apenas 9700 afiliados y el Frente C\u00edvico de Luis Juez (tambi\u00e9n aliado a Negri) tiene 6000 y la Coalici\u00f3n C\u00edvica no tiene ni personer\u00eda jur\u00eddica. A priori, el candidato de la Casa Rosada parte de muy atr\u00e1s para ganar la pulseada por la candidatura.<\/p>\n<p>En los \u00faltimos d\u00edas Mestre dej\u00f3 en claro que su discurso de cara a la interna est\u00e1 centrado en rechazar la injerencia \u201cporte\u00f1a\u201d representada por Macri y la Casa Rosada y en defender la autonom\u00eda de los cordobeses para definir sus candidatos. Si bien no quiere pulsear abiertamente con el Presidente, ser\u00e1 dif\u00edcil que una eventual derrota de Negri no sea tomada como una derrota de Macri.<\/p>\n<p>En este contexto, el titular de la Convenci\u00f3n Nacional, Jorge Sappia, denunci\u00f3 ayer que durante tres a\u00f1os no han sido consultados: \u201cel PRO tom\u00f3 las decisiones en soledad y la conducci\u00f3n del Comit\u00e9 Nacional del radicalismo lo ha aceptado\u201d, manifest\u00f3.<\/p>\n","protected":false},"excerpt":{"rendered":"<p>Al reclamo para que el macrismo acepte competir en primarias nacionales, se le suman tambi\u00e9n los conflictos en distintas provincias donde la UCR se resiste a bajar sus candidatos. En C\u00f3rdoba, Mestre dar\u00e1 la pelea contra Negri, impulsado por la Rosada &nbsp; &nbsp; &nbsp; Mientras el gobierno intenta bajarle el precio a una eventual candidatura de Mart\u00edn Lousteau, m\u00e1s dirigentes radicales salieron a respaldar su postulaci\u00f3n y reclamarle al PRO que acepte la competencia interna en las PASO del 11 de agosto y tambi\u00e9n en las distintas provincias. El vicepresidente&#8230;<\/p>\n","protected":false},"author":3,"featured_media":40881,"comment_status":"closed","ping_status":"closed","sticky":false,"template":"","format":"standard","meta":[],"categories":[18],"tags":[],"_links":{"self":[{"href":"https:\/\/www.actualidadadiario.com\/index.php\/wp-json\/wp\/v2\/posts\/40880"}],"collection":[{"href":"https:\/\/www.actualidadadiario.com\/index.php\/wp-json\/wp\/v2\/posts"}],"about":[{"href":"https:\/\/www.actualidadadiario.com\/index.php\/wp-json\/wp\/v2\/types\/post"}],"author":[{"embeddable":true,"href":"https:\/\/www.actualidadadiario.com\/index.php\/wp-json\/wp\/v2\/users\/3"}],"replies":[{"embeddable":true,"href":"https:\/\/www.actualidadadiario.com\/index.php\/wp-json\/wp\/v2\/comments?post=40880"}],"version-history":[{"count":1,"href":"https:\/\/www.actualidadadiario.com\/index.php\/wp-json\/wp\/v2\/posts\/40880\/revisions"}],"predecessor-version":[{"id":40882,"href":"https:\/\/www.actualidadadiario.com\/index.php\/wp-json\/wp\/v2\/posts\/40880\/revisions\/40882"}],"wp:featuredmedia":[{"embeddable":true,"href":"https:\/\/www.actualidadadiario.com\/index.php\/wp-json\/wp\/v2\/media\/40881"}],"wp:attachment":[{"href":"https:\/\/www.actualidadadiario.com\/index.php\/wp-json\/wp\/v2\/media?parent=40880"}],"wp:term":[{"taxonomy":"category","embeddable":true,"href":"https:\/\/www.actualidadadiario.com\/index.php\/wp-json\/wp\/v2\/categories?post=40880"},{"taxonomy":"post_tag","embeddable":true,"href":"https:\/\/www.actualidadadiario.com\/index.php\/wp-json\/wp\/v2\/tags?post=40880"}],"curies":[{"name":"wp","href":"https:\/\/api.w.org\/{rel}","templated":true}]}}