{"id":4088,"date":"2016-11-08T10:10:16","date_gmt":"2016-11-08T13:10:16","guid":{"rendered":"http:\/\/actualidadadiario.com\/site\/?p=4088"},"modified":"2016-11-08T10:10:16","modified_gmt":"2016-11-08T13:10:16","slug":"macri-sobre-los-panama-papers-son-cosas-de-mi-vida-privada","status":"publish","type":"post","link":"https:\/\/www.actualidadadiario.com\/index.php\/2016\/11\/08\/macri-sobre-los-panama-papers-son-cosas-de-mi-vida-privada\/","title":{"rendered":"Macri, sobre los Panam\u00e1 Papers: &#8220;Son cosas de mi vida privada&#8221;"},"content":{"rendered":"<p><em><strong>El jefe de Estado neg\u00f3 haber cometido un il\u00edcito, pese a que es investigado por la Justicia: &#8220;Fui empleado de las empresas de mi padre&#8221;, se justific\u00f3<\/strong><\/em><\/p>\n<p>&nbsp;<\/p>\n<p>&nbsp;<\/p>\n<p>&nbsp;<\/p>\n<p>&nbsp;<\/p>\n<p>Mauricio Macri rechaz\u00f3 la demanda penal en su contra por los Panam\u00e1 Papers al esgrimir que pertenece a su vida privada. Los hechos datan de 1984 y 1998, cuando era empresario y a\u00fan no jefe de Gobierno de la Ciudad de Buenos Aires. A pesar de ello, est\u00e1 imputado por no haber declarado sociedades offshore y lavar dinero con una de ellas.<\/p>\n<p>&nbsp;<\/p>\n<p>En una entrevista al canal La Naci\u00f3n M\u00e1s, el Presidente contest\u00f3 sobre su delicada situaci\u00f3n judicial. &#8220;Si yo hice sociedades o no son cosas de mi vida privada&#8221;, se defendi\u00f3. Y agreg\u00f3: &#8220;No comet\u00ed ning\u00fan delito&#8221;.<\/p>\n<p>&nbsp;<\/p>\n<p>El juez Sebasti\u00e1n Casanello y el fiscal Federico Delgado investigan el lavado de U$S 9,3 millones que realiz\u00f3 Macri con la bahame\u00f1a Fleg Trading Limitada y el no haber declarado ninguna de sus offshores ante el fisco ni la Oficina Anticorrupci\u00f3n.<\/p>\n<p>&nbsp;<\/p>\n<p>&#8220;Uno puede ser director de muchas empresas. Yo no hab\u00eda cometido ning\u00fan delito. Fui empleado de las empresas de mi padre&#8221;, explic\u00f3 el actual director de la paname\u00f1a Kagemusha SA.<\/p>\n<p>&nbsp;<\/p>\n<p>La demanda judicial fue iniciada por el diputado del Frente para la Victoria Dar\u00edo Mart\u00ednez, con m\u00faltiples ampliaciones y documentaci\u00f3n.<\/p>\n","protected":false},"excerpt":{"rendered":"<p>El jefe de Estado neg\u00f3 haber cometido un il\u00edcito, pese a que es investigado por la Justicia: &#8220;Fui empleado de las empresas de mi padre&#8221;, se justific\u00f3 &nbsp; &nbsp; &nbsp; &nbsp; Mauricio Macri rechaz\u00f3 la demanda penal en su contra por los Panam\u00e1 Papers al esgrimir que pertenece a su vida privada. Los hechos datan de 1984 y 1998, cuando era empresario y a\u00fan no jefe de Gobierno de la Ciudad de Buenos Aires. A pesar de ello, est\u00e1 imputado por no haber declarado sociedades offshore y lavar dinero con&#8230;<\/p>\n","protected":false},"author":3,"featured_media":4089,"comment_status":"closed","ping_status":"closed","sticky":false,"template":"","format":"standard","meta":[],"categories":[9],"tags":[],"_links":{"self":[{"href":"https:\/\/www.actualidadadiario.com\/index.php\/wp-json\/wp\/v2\/posts\/4088"}],"collection":[{"href":"https:\/\/www.actualidadadiario.com\/index.php\/wp-json\/wp\/v2\/posts"}],"about":[{"href":"https:\/\/www.actualidadadiario.com\/index.php\/wp-json\/wp\/v2\/types\/post"}],"author":[{"embeddable":true,"href":"https:\/\/www.actualidadadiario.com\/index.php\/wp-json\/wp\/v2\/users\/3"}],"replies":[{"embeddable":true,"href":"https:\/\/www.actualidadadiario.com\/index.php\/wp-json\/wp\/v2\/comments?post=4088"}],"version-history":[{"count":1,"href":"https:\/\/www.actualidadadiario.com\/index.php\/wp-json\/wp\/v2\/posts\/4088\/revisions"}],"predecessor-version":[{"id":4090,"href":"https:\/\/www.actualidadadiario.com\/index.php\/wp-json\/wp\/v2\/posts\/4088\/revisions\/4090"}],"wp:featuredmedia":[{"embeddable":true,"href":"https:\/\/www.actualidadadiario.com\/index.php\/wp-json\/wp\/v2\/media\/4089"}],"wp:attachment":[{"href":"https:\/\/www.actualidadadiario.com\/index.php\/wp-json\/wp\/v2\/media?parent=4088"}],"wp:term":[{"taxonomy":"category","embeddable":true,"href":"https:\/\/www.actualidadadiario.com\/index.php\/wp-json\/wp\/v2\/categories?post=4088"},{"taxonomy":"post_tag","embeddable":true,"href":"https:\/\/www.actualidadadiario.com\/index.php\/wp-json\/wp\/v2\/tags?post=4088"}],"curies":[{"name":"wp","href":"https:\/\/api.w.org\/{rel}","templated":true}]}}