{"id":40877,"date":"2019-02-22T12:33:05","date_gmt":"2019-02-22T15:33:05","guid":{"rendered":"https:\/\/www.actualidadadiario.com\/?p=40877"},"modified":"2019-05-06T20:54:25","modified_gmt":"2019-05-06T23:54:25","slug":"en-camino-a-la-unidad-alberto-fernandez-se-suma-a-la-mesa-de-accion-politica","status":"publish","type":"post","link":"https:\/\/www.actualidadadiario.com\/index.php\/2019\/02\/22\/en-camino-a-la-unidad-alberto-fernandez-se-suma-a-la-mesa-de-accion-politica\/","title":{"rendered":"En camino a la unidad, Alberto Fern\u00e1ndez se suma a la Mesa de Acci\u00f3n Pol\u00edtica"},"content":{"rendered":"<p><em><strong>El Partido Justicialista ( PJ) nacional incorporar\u00e1 el pr\u00f3ximo mi\u00e9rcoles al ex jefe de Gabinete del Kirchnerismo, Alberto Fern\u00e1ndez a la Mesa de Acci\u00f3n Pol\u00edtica partidaria, que tiene como objetivo principal la unidad de todos los sectores del peronismo para conformar un amplio frente electoral<\/strong><\/em><\/p>\n<p>&nbsp;<\/p>\n<p>&nbsp;<\/p>\n<p>&nbsp;<\/p>\n<p>La incorporaci\u00f3n del dirigente porte\u00f1o al peronismo institucional que lidera el diputado nacional Jos\u00e9 Luis Gioja, se produce justo cuando se avanzan en acuerdos para unificar las diferentes agrupaciones del peronismo, y Fern\u00e1ndez se convirti\u00f3 nuevamente en un operador pol\u00edtico del kirchnerismo.<\/p>\n<p>El ex jefe de Gabinete se sumar\u00e1 el pr\u00f3ximo mi\u00e9rcoles cuando se re\u00fana a las 12 la mesa de acci\u00f3n pol\u00edtica partidaria en la sede porte\u00f1a de Matheu 130.<\/p>\n<p>Tambi\u00e9n se incorporar\u00e1 Fernando Gray, presidente del PJ bonaerense e intendente de Esteban Echeverr\u00eda que integra el grupo de jefes comunales del peronismo dialoguista que encabeza Mart\u00edn Insaurralde (Lomas de Zamora).<\/p>\n<p>Desde el PJ nacional adelantaron que durante ese encuentro se tratar\u00e1n temas relacionados con la coyuntura pol\u00edtica, econ\u00f3mica y social del pa\u00eds; y se terminar\u00e1n de delinear los detalles del congreso nacional del partido que se realizar\u00e1 el 7 de marzo en el Microestadio del Club Ferro Carril Oeste y al que est\u00e1n invitados m\u00e1s de 900 congresales de todo el pa\u00eds.<\/p>\n","protected":false},"excerpt":{"rendered":"<p>El Partido Justicialista ( PJ) nacional incorporar\u00e1 el pr\u00f3ximo mi\u00e9rcoles al ex jefe de Gabinete del Kirchnerismo, Alberto Fern\u00e1ndez a la Mesa de Acci\u00f3n Pol\u00edtica partidaria, que tiene como objetivo principal la unidad de todos los sectores del peronismo para conformar un amplio frente electoral &nbsp; &nbsp; &nbsp; La incorporaci\u00f3n del dirigente porte\u00f1o al peronismo institucional que lidera el diputado nacional Jos\u00e9 Luis Gioja, se produce justo cuando se avanzan en acuerdos para unificar las diferentes agrupaciones del peronismo, y Fern\u00e1ndez se convirti\u00f3 nuevamente en un operador pol\u00edtico del kirchnerismo&#8230;.<\/p>\n","protected":false},"author":3,"featured_media":40878,"comment_status":"closed","ping_status":"closed","sticky":false,"template":"","format":"standard","meta":[],"categories":[18],"tags":[],"_links":{"self":[{"href":"https:\/\/www.actualidadadiario.com\/index.php\/wp-json\/wp\/v2\/posts\/40877"}],"collection":[{"href":"https:\/\/www.actualidadadiario.com\/index.php\/wp-json\/wp\/v2\/posts"}],"about":[{"href":"https:\/\/www.actualidadadiario.com\/index.php\/wp-json\/wp\/v2\/types\/post"}],"author":[{"embeddable":true,"href":"https:\/\/www.actualidadadiario.com\/index.php\/wp-json\/wp\/v2\/users\/3"}],"replies":[{"embeddable":true,"href":"https:\/\/www.actualidadadiario.com\/index.php\/wp-json\/wp\/v2\/comments?post=40877"}],"version-history":[{"count":1,"href":"https:\/\/www.actualidadadiario.com\/index.php\/wp-json\/wp\/v2\/posts\/40877\/revisions"}],"predecessor-version":[{"id":40879,"href":"https:\/\/www.actualidadadiario.com\/index.php\/wp-json\/wp\/v2\/posts\/40877\/revisions\/40879"}],"wp:featuredmedia":[{"embeddable":true,"href":"https:\/\/www.actualidadadiario.com\/index.php\/wp-json\/wp\/v2\/media\/40878"}],"wp:attachment":[{"href":"https:\/\/www.actualidadadiario.com\/index.php\/wp-json\/wp\/v2\/media?parent=40877"}],"wp:term":[{"taxonomy":"category","embeddable":true,"href":"https:\/\/www.actualidadadiario.com\/index.php\/wp-json\/wp\/v2\/categories?post=40877"},{"taxonomy":"post_tag","embeddable":true,"href":"https:\/\/www.actualidadadiario.com\/index.php\/wp-json\/wp\/v2\/tags?post=40877"}],"curies":[{"name":"wp","href":"https:\/\/api.w.org\/{rel}","templated":true}]}}