{"id":40871,"date":"2019-02-22T12:31:13","date_gmt":"2019-02-22T15:31:13","guid":{"rendered":"https:\/\/www.actualidadadiario.com\/?p=40871"},"modified":"2019-05-06T20:50:23","modified_gmt":"2019-05-06T23:50:23","slug":"sin-kicillof-el-pj-bonaerense-sello-la-unidad-con-el-kirchnerismo","status":"publish","type":"post","link":"https:\/\/www.actualidadadiario.com\/index.php\/2019\/02\/22\/sin-kicillof-el-pj-bonaerense-sello-la-unidad-con-el-kirchnerismo\/","title":{"rendered":"Sin Kicillof, el PJ bonaerense sell\u00f3 la unidad con el kirchnerismo"},"content":{"rendered":"<p><em><strong>Con un Congreso en La Matanza, el peronismo aprob\u00f3 la estrategia de alianzas electorales. Sin el ex ministro de Econom\u00eda, brill\u00f3 la posible f\u00f3rmula Insaurralde-Magario. Estuvieron M\u00e1ximo Kirchner, Hugo Moyano y Roberto Baradel<\/strong><\/em><\/p>\n<p>&nbsp;<\/p>\n<p>&nbsp;<\/p>\n<p>&nbsp;<\/p>\n<p>&#8220;#UniD osPor Argen tina&#8221;. El hashtag, con sus s\u00edlabas divididas en cuatro carteles uno al lado del otro, fue sostenido por los intendentes, con M\u00e1ximo Kirchner y Hugo Moyano detr\u00e1s de ellos. Esa fotograf\u00eda grupal es la s\u00edntesis perfecta del Congreso del PJ bonaerense de hoy, un c\u00f3nclave veraniego que habilit\u00f3 al partido a tejer alianzas electorales para el 2019. Descontado con la cristinista Unidad Ciudadana, claro est\u00e1.<\/p>\n<p>&#8220;Hoy estamos reunidos porque tenemos la responsabilidad de formar un frente que nos lleve a la victoria&#8221;, resumi\u00f3 el presidente pejotista, Fernando Gray, a su turno con el micr\u00f3fono.<\/p>\n<p>Pero el mit\u00edn del principal \u00f3rgano partidario dej\u00f3 otros gui\u00f1os, con sus ausencias pero tambi\u00e9n por sus presencias. El faltazo m\u00e1s evidente fue el de Axel Kicillof, el ex ministro que logr\u00f3 la venia de Cristina Fern\u00e1ndez de Kirchner para caminar la provincia. Su autopostulaci\u00f3n gener\u00f3 cierto resquemor entre los caciques del Conurbano, ya que quieren imponer a uno\/a de ellos. Un deseo recurrente de la \u00e9poca de Carlos Ruckauf.<\/p>\n<p>Mart\u00edn Insaurralde (Lomas de Zamora) y Ver\u00f3nica Magario (La Matanza) se mostraron sonrientes como pr\u00f3logo incluso de posible f\u00f3rmula. Sus nombres pican en punta gracias a sus respectivos operativos clamor.<\/p>\n<p>Como gesto de buena voluntad camporista, no fue Kicillof, si bien este fin de semana retomar\u00e1 sus recorridas. Tampoco ten\u00eda raz\u00f3n institucional para ir: no es congresal bonaerense como su colega Eduardo &#8220;Wado&#8221; de Pedro. Cierto es que tampoco M\u00e1ximo K lo es y estuvo a los abrazos con Insaurralde. Olvidados los viejos amagues del lomense de saltar al massismo, ahora suele compartir asados con el fundador de La C\u00e1mpora. Iron\u00edas del destino, a veces se suma Sergio Massa.<\/p>\n<p>&#8220;Mismo en el kirchnerismo prefieren que Kicillof hable como ministro de Econom\u00eda de ella y no como candidato a gobernador&#8221;, juran haber o\u00eddo entre los intendentes. En el Instituto Patria no lo confirman. Tal vez sea cierto, pero podr\u00eda ser lo les dicen y no lo que en realidad cree Cristina Kirchner.<\/p>\n<p>Hablando del Frente Renovador: no estuvo ausente en el Congreso que presidi\u00f3 el matancero Fernando Espinoza. Entre los 752 congresales, hubo una docena de jefes comunales que ganaron con una boleta massista. Incluido el tigrense Julio Zamora, ground zero del FR. Se entusiasman con replicar en Buenos Aires las unidades tripartitas que se est\u00e1n generando en otros distritos, como Santa Fe.<\/p>\n<p>A tal punto se entusiasman, que en los pasillos del c\u00f3nclave incluso son\u00f3 otra eventual f\u00f3rmula que formalizar\u00eda dicha comuni\u00f3n: Insaurralde-Malena Massa, la esposa del l\u00edder renovador.<\/p>\n<p>No faltaron, tampoco, el ya mencionado Moyano (que alguna renunci\u00f3 al PJ acusando que era &#8220;una c\u00e1scara vac\u00eda&#8221;); Daniel Scioli (que despu\u00e9s se fue a un congreso de ajedrez con Eduardo Duhalde); ex funcionarios K que ahora reportan en La Matanza pero tambi\u00e9n otros como Julio Alak; y gremialistas como Omar Plaini y Roberto Baradel, justo en medio de la paritaria docente, una presencia que no pas\u00f3 desapercibida en el vidalismo.<\/p>\n<p>No estuvo Felipe Sol\u00e1, precandidato presidencial. La raz\u00f3n: andaba de recorrida por R\u00edo Negro con el candidato del conglomerado PJ (sin el pichettismo) Mart\u00edn Soria.<\/p>\n<p>Por fuera del evento en el Polideportivo Alberto Balestrini en La Matanza tambi\u00e9n hubo nuevos gestos de unidad. El Justicialismo nacional del sanjuanino Jos\u00e9 Luis Gioja anunci\u00f3 ayer que, adem\u00e1s de su equivalente bonaerense Gray, sumar\u00e1n a Alberto Fern\u00e1ndez a la mesa chica del PJ, cuyo eufemismo es &#8220;Comisi\u00f3n de Acci\u00f3n Pol\u00edtica&#8221;.<\/p>\n<p>Su ex jefe de Gabinete no s\u00f3lo volvi\u00f3 a hablar con Cristina Kirchner, a quien enfrent\u00f3 en 2017 como coordinador de campa\u00f1a randazzista: reedit\u00f3 el rol que tuvo con N\u00e9stor Kirchner en los albores del Grupo Calafate en los 2000. Es el delegado de la ex Presidenta para volverse a amigar con quienes sigue distanciada.<\/p>\n","protected":false},"excerpt":{"rendered":"<p>Con un Congreso en La Matanza, el peronismo aprob\u00f3 la estrategia de alianzas electorales. Sin el ex ministro de Econom\u00eda, brill\u00f3 la posible f\u00f3rmula Insaurralde-Magario. Estuvieron M\u00e1ximo Kirchner, Hugo Moyano y Roberto Baradel &nbsp; &nbsp; &nbsp; &#8220;#UniD osPor Argen tina&#8221;. El hashtag, con sus s\u00edlabas divididas en cuatro carteles uno al lado del otro, fue sostenido por los intendentes, con M\u00e1ximo Kirchner y Hugo Moyano detr\u00e1s de ellos. Esa fotograf\u00eda grupal es la s\u00edntesis perfecta del Congreso del PJ bonaerense de hoy, un c\u00f3nclave veraniego que habilit\u00f3 al partido a&#8230;<\/p>\n","protected":false},"author":3,"featured_media":40872,"comment_status":"closed","ping_status":"closed","sticky":false,"template":"","format":"standard","meta":[],"categories":[9],"tags":[],"_links":{"self":[{"href":"https:\/\/www.actualidadadiario.com\/index.php\/wp-json\/wp\/v2\/posts\/40871"}],"collection":[{"href":"https:\/\/www.actualidadadiario.com\/index.php\/wp-json\/wp\/v2\/posts"}],"about":[{"href":"https:\/\/www.actualidadadiario.com\/index.php\/wp-json\/wp\/v2\/types\/post"}],"author":[{"embeddable":true,"href":"https:\/\/www.actualidadadiario.com\/index.php\/wp-json\/wp\/v2\/users\/3"}],"replies":[{"embeddable":true,"href":"https:\/\/www.actualidadadiario.com\/index.php\/wp-json\/wp\/v2\/comments?post=40871"}],"version-history":[{"count":1,"href":"https:\/\/www.actualidadadiario.com\/index.php\/wp-json\/wp\/v2\/posts\/40871\/revisions"}],"predecessor-version":[{"id":40873,"href":"https:\/\/www.actualidadadiario.com\/index.php\/wp-json\/wp\/v2\/posts\/40871\/revisions\/40873"}],"wp:featuredmedia":[{"embeddable":true,"href":"https:\/\/www.actualidadadiario.com\/index.php\/wp-json\/wp\/v2\/media\/40872"}],"wp:attachment":[{"href":"https:\/\/www.actualidadadiario.com\/index.php\/wp-json\/wp\/v2\/media?parent=40871"}],"wp:term":[{"taxonomy":"category","embeddable":true,"href":"https:\/\/www.actualidadadiario.com\/index.php\/wp-json\/wp\/v2\/categories?post=40871"},{"taxonomy":"post_tag","embeddable":true,"href":"https:\/\/www.actualidadadiario.com\/index.php\/wp-json\/wp\/v2\/tags?post=40871"}],"curies":[{"name":"wp","href":"https:\/\/api.w.org\/{rel}","templated":true}]}}