{"id":40868,"date":"2019-02-22T12:30:26","date_gmt":"2019-02-22T15:30:26","guid":{"rendered":"https:\/\/www.actualidadadiario.com\/?p=40868"},"modified":"2019-05-06T20:50:49","modified_gmt":"2019-05-06T23:50:49","slug":"ritondo-encabeza-la-lista-de-diputados-de-la-provincia-y-reemplazara-a-monzo","status":"publish","type":"post","link":"https:\/\/www.actualidadadiario.com\/index.php\/2019\/02\/22\/ritondo-encabeza-la-lista-de-diputados-de-la-provincia-y-reemplazara-a-monzo\/","title":{"rendered":"Ritondo encabeza la lista de diputados de la provincia y reemplazar\u00e1 a Monz\u00f3"},"content":{"rendered":"<p><em><strong>Cristian Ritondo encabezar\u00e1 la lista de diputados nacionales de Cambiemos de la provincia de Buenos Aires, con la intenci\u00f3n del gobierno que asuma la presidencia de la c\u00e1mara baja el a\u00f1o pr\u00f3ximo, si Mauricio Macri logra su reelecci\u00f3n<\/strong><\/em><\/p>\n<p>&nbsp;<\/p>\n<p>&nbsp;<\/p>\n<p>&nbsp;<\/p>\n<p>El candidato de Emilio Monz\u00f3 para sucesor era el actual viceministro del Interior, Sebasti\u00e1n de Luca, pero Marcos Pe\u00f1a prefiri\u00f3 que lo suceda el encargado de la seguridad bonaerense y as\u00ed se lo comunic\u00f3 a Ritondo en la reuni\u00f3n que tuvieron esta tarde en la Casa Rosada. No hay que descartar que Marcos Pe\u00f1a haya anticipado tanto esta definici\u00f3n para bloquear la posibilidad de que Monz\u00f3 terminara convenciendo a Macri durante la gira, que el hombre era De Luca. Se sabe que uno de los deportes favoritos del jefe de Gabinete es boicotear las iniciativas del presidente de la C\u00e1mara de Diputados, a\u00fan a costa de apoyar a un dirigente como Ritondo, que nunca fue de los m\u00e1s cercanos ni alineados con su liderazgo.<\/p>\n<p>Peronista de toda la vida, Ritondo es de los pocos dirigentes del PRO que conservan un di\u00e1logo flu\u00eddo con el peronismo y no acompa\u00f1\u00f3 la estrategia de confrontaci\u00f3n con esa fuerza que empuja la Casa Rosada, sobre todo en las redes y los medios. Su elecci\u00f3n no es casual, aunque reelija Macri seguramente seguir\u00e1 siendo minor\u00eda en el Congreso y acaso con un escenario a\u00fan m\u00e1s hostil, ya que es muy probable que Cristina Kirchner aumente el n\u00famero de su bloque.<\/p>\n<p>El rol adem\u00e1s para Ritondo no es desconocido. Durante el gobierno de Macri en la Ciudad fue vicepresidente primero de la Legislatura porte\u00f1a y supo tejar muy buenas relaciones con el kirchnerismo y el resto de los bloques opositores. Generoso, en esa casa todav\u00eda extra\u00f1an los buenos viejos tiempos de cuando este dirigente proveniente de la JP de Mataderos, manejaba el presupuesto de la Legislatura porte\u00f1a.<\/p>\n<p>Por eso, Macri tuvo que resignar su aspiraci\u00f3n inicial que era que sea Carmen Polledo quien presida la c\u00e1mara baja. La ex COAS es una macrista pura que no tiene el rodaje ni el conocimiento del peronismo de Ritondo.<\/p>\n<p>La salida de Monz\u00f3 de la presidencia de la c\u00e1mara baja es una agon\u00eda largamente transitada, que es espejo de su p\u00e9rdida de influencia en el coraz\u00f3n de las decisiones pol\u00edticas del macrismo, por la hegemon\u00eda de Marcos Pe\u00f1a.<\/p>\n<p>Macri invit\u00f3 a Monz\u00f3 a su gira asi\u00e1tica para terminar de definir los detalles de su salida de esa posici\u00f3n cr\u00edtica y su eventual env\u00edo a Espa\u00f1a como embajador.<\/p>\n<p>Incluso, es posible que Monz\u00f3 deje la posici\u00f3n antes de diciembre, cuando se producir\u00e1 el recambio natural de autoridades. Para el tramo de ac\u00e1 a Diciembre, se menciona a Nicol\u00e1s Massot o Luciano Luciano Laspina, con una leve ventaja sobre este \u00faltimo.<\/p>\n","protected":false},"excerpt":{"rendered":"<p>Cristian Ritondo encabezar\u00e1 la lista de diputados nacionales de Cambiemos de la provincia de Buenos Aires, con la intenci\u00f3n del gobierno que asuma la presidencia de la c\u00e1mara baja el a\u00f1o pr\u00f3ximo, si Mauricio Macri logra su reelecci\u00f3n &nbsp; &nbsp; &nbsp; El candidato de Emilio Monz\u00f3 para sucesor era el actual viceministro del Interior, Sebasti\u00e1n de Luca, pero Marcos Pe\u00f1a prefiri\u00f3 que lo suceda el encargado de la seguridad bonaerense y as\u00ed se lo comunic\u00f3 a Ritondo en la reuni\u00f3n que tuvieron esta tarde en la Casa Rosada. No hay&#8230;<\/p>\n","protected":false},"author":3,"featured_media":40869,"comment_status":"closed","ping_status":"closed","sticky":false,"template":"","format":"standard","meta":[],"categories":[18],"tags":[],"_links":{"self":[{"href":"https:\/\/www.actualidadadiario.com\/index.php\/wp-json\/wp\/v2\/posts\/40868"}],"collection":[{"href":"https:\/\/www.actualidadadiario.com\/index.php\/wp-json\/wp\/v2\/posts"}],"about":[{"href":"https:\/\/www.actualidadadiario.com\/index.php\/wp-json\/wp\/v2\/types\/post"}],"author":[{"embeddable":true,"href":"https:\/\/www.actualidadadiario.com\/index.php\/wp-json\/wp\/v2\/users\/3"}],"replies":[{"embeddable":true,"href":"https:\/\/www.actualidadadiario.com\/index.php\/wp-json\/wp\/v2\/comments?post=40868"}],"version-history":[{"count":1,"href":"https:\/\/www.actualidadadiario.com\/index.php\/wp-json\/wp\/v2\/posts\/40868\/revisions"}],"predecessor-version":[{"id":40870,"href":"https:\/\/www.actualidadadiario.com\/index.php\/wp-json\/wp\/v2\/posts\/40868\/revisions\/40870"}],"wp:featuredmedia":[{"embeddable":true,"href":"https:\/\/www.actualidadadiario.com\/index.php\/wp-json\/wp\/v2\/media\/40869"}],"wp:attachment":[{"href":"https:\/\/www.actualidadadiario.com\/index.php\/wp-json\/wp\/v2\/media?parent=40868"}],"wp:term":[{"taxonomy":"category","embeddable":true,"href":"https:\/\/www.actualidadadiario.com\/index.php\/wp-json\/wp\/v2\/categories?post=40868"},{"taxonomy":"post_tag","embeddable":true,"href":"https:\/\/www.actualidadadiario.com\/index.php\/wp-json\/wp\/v2\/tags?post=40868"}],"curies":[{"name":"wp","href":"https:\/\/api.w.org\/{rel}","templated":true}]}}