{"id":40865,"date":"2019-02-22T12:29:47","date_gmt":"2019-02-22T15:29:47","guid":{"rendered":"https:\/\/www.actualidadadiario.com\/?p=40865"},"modified":"2019-05-06T20:55:35","modified_gmt":"2019-05-06T23:55:35","slug":"duhalde-y-moyano-planean-reunirse-con-cristina","status":"publish","type":"post","link":"https:\/\/www.actualidadadiario.com\/index.php\/2019\/02\/22\/duhalde-y-moyano-planean-reunirse-con-cristina\/","title":{"rendered":"Duhalde y Moyano planean reunirse con Cristina"},"content":{"rendered":"<p><em><strong>Acordaron ir juntos a ver a la ex presidenta. Duhalde quiere saber si va a jugar en la elecci\u00f3n y dice que gana<\/strong><\/em><\/p>\n<p>&nbsp;<\/p>\n<p>&nbsp;<\/p>\n<p>&nbsp;<\/p>\n<p>Eduardo Duhalde y Hugo Moyano acordaron ir juntos a reunirse con Cristina Kirchner, que en su af\u00e1n de mostrarse abierta a la unidad con todo el peronismo ya les avis\u00f3 que est\u00e1 dispuesta a recibirlos.<\/p>\n<p>Despu\u00e9s de m\u00e1s de una d\u00e9cada peleados, la l\u00edder de Unidad Ciudadana retom\u00f3 a fines del a\u00f1o pasado el di\u00e1logo con el ex presidente, a quien llam\u00f3 antes de que se operara de la columna. Duhalde le devolvi\u00f3 la gentileza por los medios: &#8220;Si tuve problemas con Cristina, ya me los olvid\u00e9&#8221;, declar\u00f3.<\/p>\n<p>Tras algunas charlas telef\u00f3nicas y -especialmente- di\u00e1logos\u00a0 a trav\u00e9s de amigos en com\u00fan, ahora los ex presidentes podr\u00edan verse cara a cara. Pero la novedad es que en la misma mesa se sentar\u00e1 Hugo Moyano, que as\u00ed lo acord\u00f3 con el dirigente de Lomas de Zamora. Duhalde quiere preguntarle a Cristina si va a jugar en la elecci\u00f3n.<\/p>\n<p>Si bien el di\u00e1logo de Cristina con Moyano y Duhalde ya es conocido, hasta ahora la senadora no se junt\u00f3 con ninguno de los dos. M\u00e1s abierta que en otros tiempos, ya les avis\u00f3 que est\u00e1 dispuesta a recibirlos y se descuenta que lo har\u00e1.<\/p>\n<p>El ex mandatario ya empez\u00f3 a moverse activamente y este s\u00e1bado organiza un encuentro con Roberto Lavagna y su tropa en su quinta de San Vicente. Duhalde afirma que intentar\u00e1 hacer crecer la posible candidatura de Lavagna para ir al Instituto Patria con un plan B, por si ve que Cristina no es.<\/p>\n<p>Es que el ex presidente cree que Cristina tiene chances de ganar la elecci\u00f3n y apuesta a eso. Si le da se\u00f1ales de que ser\u00e1 candidata, su estrategia ser\u00e1 tratar de cerrar de alg\u00fan modo un acuerdo entre Cristina y Lavagna. El lomense cont\u00f3 d\u00edas atr\u00e1s que la senadora, en un mensaje a trav\u00e9s de esos intermediarios, le dio a entender que no ve\u00eda mal una eventual candidatura del ex ministro.<\/p>\n<p>El acercamiento de Duhalde a Cristina est\u00e1 vinculado con su &#8220;decepci\u00f3n&#8221; con Mauricio Macri, a quien apoy\u00f3 en las elecciones de 2015. EL ex gobernador bonaerense est\u00e1 enojado con el presidente y dice que ve muy mal su gobierno (meses atr\u00e1s se sincer\u00f3 y declar\u00f3 que lo ve &#8220;como el orto&#8221;).<\/p>\n<p>Las charlas de Duhalde y Cristina arrancaron con el llamado &#8220;afectuoso&#8221; de la senadora por la operaci\u00f3n, en el que no hablaron de pol\u00edtica. Despu\u00e9s de otras conversaciones, empezaron a enviarse mensajes a trav\u00e9s de dirigentes &#8220;en com\u00fan&#8221;. &#8220;Hubo un par de llamados de ella m\u00e1s de tono personal que pol\u00edtico unos d\u00edas antes y luego de la operaci\u00f3n de Duhalde. Despu\u00e9s arrancaron mensajes a trav\u00e9s de conocidos. Cristina quiso saber c\u00f3mo estaba de salud y c\u00f3mo estaba su familia&#8221;, dijeron en el entorno de Cristina.<\/p>\n","protected":false},"excerpt":{"rendered":"<p>Acordaron ir juntos a ver a la ex presidenta. Duhalde quiere saber si va a jugar en la elecci\u00f3n y dice que gana &nbsp; &nbsp; &nbsp; Eduardo Duhalde y Hugo Moyano acordaron ir juntos a reunirse con Cristina Kirchner, que en su af\u00e1n de mostrarse abierta a la unidad con todo el peronismo ya les avis\u00f3 que est\u00e1 dispuesta a recibirlos. Despu\u00e9s de m\u00e1s de una d\u00e9cada peleados, la l\u00edder de Unidad Ciudadana retom\u00f3 a fines del a\u00f1o pasado el di\u00e1logo con el ex presidente, a quien llam\u00f3 antes de&#8230;<\/p>\n","protected":false},"author":3,"featured_media":40866,"comment_status":"closed","ping_status":"closed","sticky":false,"template":"","format":"standard","meta":[],"categories":[18],"tags":[],"_links":{"self":[{"href":"https:\/\/www.actualidadadiario.com\/index.php\/wp-json\/wp\/v2\/posts\/40865"}],"collection":[{"href":"https:\/\/www.actualidadadiario.com\/index.php\/wp-json\/wp\/v2\/posts"}],"about":[{"href":"https:\/\/www.actualidadadiario.com\/index.php\/wp-json\/wp\/v2\/types\/post"}],"author":[{"embeddable":true,"href":"https:\/\/www.actualidadadiario.com\/index.php\/wp-json\/wp\/v2\/users\/3"}],"replies":[{"embeddable":true,"href":"https:\/\/www.actualidadadiario.com\/index.php\/wp-json\/wp\/v2\/comments?post=40865"}],"version-history":[{"count":1,"href":"https:\/\/www.actualidadadiario.com\/index.php\/wp-json\/wp\/v2\/posts\/40865\/revisions"}],"predecessor-version":[{"id":40867,"href":"https:\/\/www.actualidadadiario.com\/index.php\/wp-json\/wp\/v2\/posts\/40865\/revisions\/40867"}],"wp:featuredmedia":[{"embeddable":true,"href":"https:\/\/www.actualidadadiario.com\/index.php\/wp-json\/wp\/v2\/media\/40866"}],"wp:attachment":[{"href":"https:\/\/www.actualidadadiario.com\/index.php\/wp-json\/wp\/v2\/media?parent=40865"}],"wp:term":[{"taxonomy":"category","embeddable":true,"href":"https:\/\/www.actualidadadiario.com\/index.php\/wp-json\/wp\/v2\/categories?post=40865"},{"taxonomy":"post_tag","embeddable":true,"href":"https:\/\/www.actualidadadiario.com\/index.php\/wp-json\/wp\/v2\/tags?post=40865"}],"curies":[{"name":"wp","href":"https:\/\/api.w.org\/{rel}","templated":true}]}}