{"id":40859,"date":"2019-02-22T12:27:57","date_gmt":"2019-02-22T15:27:57","guid":{"rendered":"https:\/\/www.actualidadadiario.com\/?p=40859"},"modified":"2019-05-06T20:56:00","modified_gmt":"2019-05-06T23:56:00","slug":"creditos-y-retenciones-los-proximos-anuncios-para-las-economias-regionales","status":"publish","type":"post","link":"https:\/\/www.actualidadadiario.com\/index.php\/2019\/02\/22\/creditos-y-retenciones-los-proximos-anuncios-para-las-economias-regionales\/","title":{"rendered":"Cr\u00e9ditos y retenciones, los pr\u00f3ximos anuncios para las econom\u00edas regionales"},"content":{"rendered":"<p><em><strong>Luego de que la semana pasada el Gobierno aumentara el m\u00ednimo no imponible de los aportes patronales, anuncio que dej\u00f3 &#8220;gusto a poco&#8221;, ahora el Ministerio de la Producci\u00f3n trabaja en unificar las retenciones de las frutas que tiene como destino la industria, con la de frescos. Adem\u00e1s tiene en mente sacar cr\u00e9ditos a tasa subsidiada a trav\u00e9s del Banco Naci\u00f3n<\/strong><\/em><\/p>\n<p>&nbsp;<\/p>\n<p>&nbsp;<\/p>\n<p>&nbsp;<\/p>\n<p>Seg\u00fan fuentes del sector privado y del p\u00fablico, la idea de Producci\u00f3n es bajar un punto las retenciones que hoy pagan las frutas fresca y que tienen como destino la g\u00f3ndola. Es decir del 4% actual llevarlo al 3% para de esa forma igualarlas con las que van a la industria del jugo. Los t\u00e9cnicos de la cartera habr\u00edan entendido que ambos productos agregan valor.<\/p>\n<p>Respecto de los cr\u00e9ditos, el Ministerio est\u00e1 armando un fondo alimentado en parte por el Anses y el Banco Naci\u00f3n. Los pr\u00e9stamos ser\u00edan \u00fanicamente para pymes de econom\u00edas regionales y no industriales. El monto total disponible rondara los $100 millones con una tasa subsidiada al 50%. Estas dos herramientas son los principales reclamos que le viene haciendo el sector al ministro Dante Sica.<\/p>\n<p>La mala noticia es que no se modificar\u00eda el decreto 128 publicado el viernes, el cual contiene un anexo en donde no queda claro el alcance de la medida. En pocas palabras, no fueron incluidas las actividades de cosecha y empaque en donde se concentra el grueso de la mano de obra. Las fuentes consultadas manifestaron que la norma est\u00e1 bien redactada.<\/p>\n<p>Por otro lado se esperaba para esta semana una reuni\u00f3n prometida entre Sica y la Federaci\u00f3n de Productores de Frutas de R\u00edo Negro y Neuqu\u00e9n, pero al cierre de esta edici\u00f3n no hab\u00eda novedades.<\/p>\n<p>Los productores le adelantaron al ministro la necesidad de que el Gobierno otorgue $1,5 por kilo a cada productor. Este permitir\u00e1 en parte cubrir los costos de producci\u00f3n.<\/p>\n<p>Tambi\u00e9n la entrega de aportes no reintegrables que la Federaci\u00f3n estima en $400 millones que ser\u00e1n destinados a los gastos de cosecha y por \u00faltimo, dado que el productor, se\u00f1alaron no puede endeudarse m\u00e1s. Adem\u00e1s pidieron la continuidad de la emergencia econ\u00f3mica de las actividades frut\u00edcolas. Este le permite al productor diferir las contribuciones y principalmente no ser embargado si tiene alguna deuda en los banco.<\/p>\n<p>Para colmo de males esta semana la Uni\u00f3n Argentina de Trabajadores Rurales y Estibadores (Uatre) y la C\u00e1mara Argentina de Fruticultores Integrados (CAFI), acordaron un aumento en los salarios del 42%. Un cosechador pas\u00f3 a ganar $1.100 por d\u00eda.<\/p>\n<p>El alza no fue avalada por la Federaci\u00f3n de Productores que propon\u00eda un 30%. Por lo pronto, la medida que no fue ratificada por el Ministerio de Trabajo de R\u00edo Negro empez\u00f3 a generar discusiones en algunas zonas de empaque en donde los trabajadores no dejaban salir los camiones con frutas con destino al mercado.<\/p>\n","protected":false},"excerpt":{"rendered":"<p>Luego de que la semana pasada el Gobierno aumentara el m\u00ednimo no imponible de los aportes patronales, anuncio que dej\u00f3 &#8220;gusto a poco&#8221;, ahora el Ministerio de la Producci\u00f3n trabaja en unificar las retenciones de las frutas que tiene como destino la industria, con la de frescos. Adem\u00e1s tiene en mente sacar cr\u00e9ditos a tasa subsidiada a trav\u00e9s del Banco Naci\u00f3n &nbsp; &nbsp; &nbsp; Seg\u00fan fuentes del sector privado y del p\u00fablico, la idea de Producci\u00f3n es bajar un punto las retenciones que hoy pagan las frutas fresca y que&#8230;<\/p>\n","protected":false},"author":3,"featured_media":40860,"comment_status":"closed","ping_status":"closed","sticky":false,"template":"","format":"standard","meta":[],"categories":[9],"tags":[],"_links":{"self":[{"href":"https:\/\/www.actualidadadiario.com\/index.php\/wp-json\/wp\/v2\/posts\/40859"}],"collection":[{"href":"https:\/\/www.actualidadadiario.com\/index.php\/wp-json\/wp\/v2\/posts"}],"about":[{"href":"https:\/\/www.actualidadadiario.com\/index.php\/wp-json\/wp\/v2\/types\/post"}],"author":[{"embeddable":true,"href":"https:\/\/www.actualidadadiario.com\/index.php\/wp-json\/wp\/v2\/users\/3"}],"replies":[{"embeddable":true,"href":"https:\/\/www.actualidadadiario.com\/index.php\/wp-json\/wp\/v2\/comments?post=40859"}],"version-history":[{"count":1,"href":"https:\/\/www.actualidadadiario.com\/index.php\/wp-json\/wp\/v2\/posts\/40859\/revisions"}],"predecessor-version":[{"id":40861,"href":"https:\/\/www.actualidadadiario.com\/index.php\/wp-json\/wp\/v2\/posts\/40859\/revisions\/40861"}],"wp:featuredmedia":[{"embeddable":true,"href":"https:\/\/www.actualidadadiario.com\/index.php\/wp-json\/wp\/v2\/media\/40860"}],"wp:attachment":[{"href":"https:\/\/www.actualidadadiario.com\/index.php\/wp-json\/wp\/v2\/media?parent=40859"}],"wp:term":[{"taxonomy":"category","embeddable":true,"href":"https:\/\/www.actualidadadiario.com\/index.php\/wp-json\/wp\/v2\/categories?post=40859"},{"taxonomy":"post_tag","embeddable":true,"href":"https:\/\/www.actualidadadiario.com\/index.php\/wp-json\/wp\/v2\/tags?post=40859"}],"curies":[{"name":"wp","href":"https:\/\/api.w.org\/{rel}","templated":true}]}}