{"id":40856,"date":"2019-02-22T12:26:40","date_gmt":"2019-02-22T15:26:40","guid":{"rendered":"https:\/\/www.actualidadadiario.com\/?p=40856"},"modified":"2019-05-06T20:55:01","modified_gmt":"2019-05-06T23:55:01","slug":"el-gobierno-prorrogo-un-mes-mas-el-revaluo-impositivo","status":"publish","type":"post","link":"https:\/\/www.actualidadadiario.com\/index.php\/2019\/02\/22\/el-gobierno-prorrogo-un-mes-mas-el-revaluo-impositivo\/","title":{"rendered":"El Gobierno prorrog\u00f3 un mes m\u00e1s el reval\u00fao impositivo"},"content":{"rendered":"<p><em><strong>Los contribuyentes que cerraron balances el 31 de diciembre de 2017 tendr\u00e1n hasta marzo para ingresar al reval\u00fao impositivo de bienes de uso y acciones que otorg\u00f3 la reforma impositiva<\/strong><\/em><\/p>\n<p>&nbsp;<\/p>\n<p>&nbsp;<\/p>\n<p>&nbsp;<\/p>\n<p>El Gobierno prorrog\u00f3 un mes la posibilidad de optar por el reval\u00fao impositivo, la que venc\u00eda el pr\u00f3ximo jueves.<\/p>\n<p>El Decreto 143\/2019 requiere una resoluci\u00f3n de AFIP para que el ingreso al reval\u00fao de quienes cerraron balance al 31 de diciembre de 2017 se pueda hacer hasta marzo.<\/p>\n<p>Sergio Biller, tributarista del C\u00edrculo de Profesionales en Ciencias Econ\u00f3micas explic\u00f3 que el reval\u00fao venc\u00eda el \u00faltimo d\u00eda h\u00e1bil del mes 12 calendario posterior al periodo de la opci\u00f3n. Entonces este decreto lo pasa al \u00faltimo d\u00eda h\u00e1bil del mes 13 calendario posterior.<\/p>\n<p>Luego la AFIP tiene la facultad de extender 60 d\u00edas corridos m\u00e1s ese plazo.<\/p>\n<p>As\u00ed, hasta ayer el periodo de opci\u00f3n para quienes tuvieron cierre el 31 de diciembre de 2017, que es cuando cierran todas las personas f\u00edsicas y la gran mayor\u00eda de personas jur\u00eddicas, ten\u00edan 12 meses m\u00e1s 60 d\u00edas para optar por el reval\u00fao o sea venc\u00eda la semana el pr\u00f3ximo 28, explic\u00f3 Biller.<\/p>\n<p>Pero como los sistemas reci\u00e9n funcionaron a mitad de mes las personas estaban reclamando una postergaci\u00f3n, e incluso el Consejo Profesional de Ciencias Econ\u00f3micas porte\u00f1o pidi\u00f3 pr\u00f3rroga del reval\u00fao.<\/p>\n<p>&#8220;Ahora se dio por decreto un mes m\u00e1s y falta que la AFIP de por Resoluci\u00f3n General los 60 d\u00edas m\u00e1s que hacen que se pase este primer vencimiento a finales de marzo&#8221;, concluy\u00f3 Biller.<\/p>\n<p>Por otra parte, el mercado se\u00f1ala que con la inflaci\u00f3n y las tasas a estos niveles, m\u00e1s la fuerte ca\u00edda de las ventas, pocas empresas quieren pagar el impuesto especial del 5% al 15%.<\/p>\n<p>Las pocas firmas para las que es muy beneficioso el reval\u00fao son las constructoras, afirman, ya que los \u00fanicos bienes de cambio que se pueden ajustar son los inmuebles, y subir los valores baja fuertemente el pago del Impuesto a las Ganancias para los desarrolladores.<\/p>\n","protected":false},"excerpt":{"rendered":"<p>Los contribuyentes que cerraron balances el 31 de diciembre de 2017 tendr\u00e1n hasta marzo para ingresar al reval\u00fao impositivo de bienes de uso y acciones que otorg\u00f3 la reforma impositiva &nbsp; &nbsp; &nbsp; El Gobierno prorrog\u00f3 un mes la posibilidad de optar por el reval\u00fao impositivo, la que venc\u00eda el pr\u00f3ximo jueves. El Decreto 143\/2019 requiere una resoluci\u00f3n de AFIP para que el ingreso al reval\u00fao de quienes cerraron balance al 31 de diciembre de 2017 se pueda hacer hasta marzo. Sergio Biller, tributarista del C\u00edrculo de Profesionales en Ciencias&#8230;<\/p>\n","protected":false},"author":3,"featured_media":40857,"comment_status":"closed","ping_status":"closed","sticky":false,"template":"","format":"standard","meta":[],"categories":[2],"tags":[],"_links":{"self":[{"href":"https:\/\/www.actualidadadiario.com\/index.php\/wp-json\/wp\/v2\/posts\/40856"}],"collection":[{"href":"https:\/\/www.actualidadadiario.com\/index.php\/wp-json\/wp\/v2\/posts"}],"about":[{"href":"https:\/\/www.actualidadadiario.com\/index.php\/wp-json\/wp\/v2\/types\/post"}],"author":[{"embeddable":true,"href":"https:\/\/www.actualidadadiario.com\/index.php\/wp-json\/wp\/v2\/users\/3"}],"replies":[{"embeddable":true,"href":"https:\/\/www.actualidadadiario.com\/index.php\/wp-json\/wp\/v2\/comments?post=40856"}],"version-history":[{"count":1,"href":"https:\/\/www.actualidadadiario.com\/index.php\/wp-json\/wp\/v2\/posts\/40856\/revisions"}],"predecessor-version":[{"id":40858,"href":"https:\/\/www.actualidadadiario.com\/index.php\/wp-json\/wp\/v2\/posts\/40856\/revisions\/40858"}],"wp:featuredmedia":[{"embeddable":true,"href":"https:\/\/www.actualidadadiario.com\/index.php\/wp-json\/wp\/v2\/media\/40857"}],"wp:attachment":[{"href":"https:\/\/www.actualidadadiario.com\/index.php\/wp-json\/wp\/v2\/media?parent=40856"}],"wp:term":[{"taxonomy":"category","embeddable":true,"href":"https:\/\/www.actualidadadiario.com\/index.php\/wp-json\/wp\/v2\/categories?post=40856"},{"taxonomy":"post_tag","embeddable":true,"href":"https:\/\/www.actualidadadiario.com\/index.php\/wp-json\/wp\/v2\/tags?post=40856"}],"curies":[{"name":"wp","href":"https:\/\/api.w.org\/{rel}","templated":true}]}}