{"id":4085,"date":"2016-11-08T10:09:36","date_gmt":"2016-11-08T13:09:36","guid":{"rendered":"http:\/\/actualidadadiario.com\/site\/?p=4085"},"modified":"2016-11-08T10:09:36","modified_gmt":"2016-11-08T13:09:36","slug":"cgt-combativa-pide-urgente-giro-en-la-politica-economica-para-enfrentar-tremenda-recesion","status":"publish","type":"post","link":"https:\/\/www.actualidadadiario.com\/index.php\/2016\/11\/08\/cgt-combativa-pide-urgente-giro-en-la-politica-economica-para-enfrentar-tremenda-recesion\/","title":{"rendered":"CGT combativa pide &#8220;urgente&#8221; giro en la pol\u00edtica econ\u00f3mica para enfrentar &#8220;tremenda&#8221; recesi\u00f3n"},"content":{"rendered":"<p><em><strong>La CGT combativa que integran m\u00e1s de 60 sindicatos agrupados en la Corriente Federal de Trabajadores (CFT) reclam\u00f3 al Gobierno nacional un &#8220;urgente&#8221; cambio en la pol\u00edtica econ\u00f3mica para evitar la &#8220;tremenda recesi\u00f3n&#8221; que sufre la Argentina<\/strong><\/em><\/p>\n<p>&nbsp;<\/p>\n<p>&nbsp;<\/p>\n<p>&nbsp;<\/p>\n<p>&nbsp;<\/p>\n<p>&nbsp;<\/p>\n<p>&#8220;Todo esto se est\u00e1 derrumbando. Seguimos con despidos, con problemas muy serios de transferencia de recursos en tarifas, hay una tremenda recesi\u00f3n y un presupuesto elaborado en contra los trabajadores&#8221;, alert\u00f3 Carlos Minucci, de la Asociaci\u00f3n Personal Superior de Empresas de Energ\u00eda (APSEE), en di\u00e1logo con \u00e1mbito.com.<\/p>\n<p>&nbsp;<\/p>\n<p>&#8220;Tenemos que cambiar la pol\u00edtica econ\u00f3mica para salir de esta locura, que es endeudarnos, vamos a llegar fin del a\u00f1o que viene con casi u$s 100.000 millones. No estaba pensando en ning\u00fan plan, pero est\u00e1 sucediendo&#8221;, se\u00f1al\u00f3 a este medio.<\/p>\n<p>&nbsp;<\/p>\n<p>La CFT emiti\u00f3 este lunes un comunicado donde manifest\u00f3 su &#8220;honda preocupaci\u00f3n por la escalada de conflictos laborales y sociales generados por la pol\u00edtica econ\u00f3mica neoliberal&#8221; de la gesti\u00f3n de Cambiemos. En ese marco, exigieron a Mauricio Macri y los empresarios el &#8220;cese inmediato de los despidos, la declaraci\u00f3n de la emergencia social y un cambio urgente en la pol\u00edtica econ\u00f3mica&#8221;.<\/p>\n<p>&nbsp;<\/p>\n<p>&#8220;Esta crisis no responde a ninguna herencia, es hija de las medidas que el actual gobierno viene aplicando hace diez meses. Devaluaci\u00f3n, quita de retenciones, apertura de importaciones, endeudamiento externo e interno, tarifazos y despidos, han hundido al pa\u00eds en una grav\u00edsima recesi\u00f3n&#8221;, enumeraron los cegetistas m\u00e1s d\u00edscolos.<\/p>\n<p>&nbsp;<\/p>\n<p>Seg\u00fan estim\u00f3 Minucci, en la Corriente tambi\u00e9n ven con preocupaci\u00f3n el avance de los conflictos con los pilotos y aeron\u00e1uticos de la l\u00ednea de bandera. &#8220;Hay un ataque muy fuerte a los trabajadores de Aerol\u00edneas Argentinas, en un plan netamente privatizador. Se est\u00e1 buscando hacerla no competitiva (a la empresa estatal) para poder privatizarla&#8221;, sostuvo el dirigente, y dio como ejemplo el r\u00e9gimen de Participaci\u00f3n P\u00fablico-Privado, bautizada la ley de PPP. &#8220;Con ese proyecto que va a Senadores se va a privatizar toda obra p\u00fablica que sea rentable para las empresas privadas&#8221;, denunci\u00f3 Minucci, quien ve en esa iniciativa la punta de la lanza. &#8220;Se va a privatizar todo aquello que est\u00e1 en manos del Estado, como ENARSA. Hay varios rumores. Si en 2017 este Gobierno no pierde las elecciones, van a profundizar con las privatizaciones y la flexibilizaci\u00f3n laboral&#8221;, sentenci\u00f3.<\/p>\n<p>&nbsp;<\/p>\n<p>La CFT es la conjunci\u00f3n de la Corriente Pol\u00edtico Sindical Federal, el n\u00facleo del MTA y la Asociaci\u00f3n Bancaria, de Sergio Palazzo. La integran los docentes privados (SADOP), los pilotos de APLA, el Satsaid, los molineros de la UOMA, los empleados de farmacia (Fenaemfa), la Federaci\u00f3n Gr\u00e1fica Bonaerense, petroleros de C\u00f3rdoba (Sinpecor), trabajadores de cuero (Fatica), de la Anses (Secasfpi), ladrilleros de Uolra, judiciales del Sitraju, lecheros de Atilra y los aceiteros de San Lorenzo (SOEA), entre otros.<\/p>\n<p>&nbsp;<\/p>\n<p>La Corriente adhiri\u00f3 en el parte de prensa a la movilizaci\u00f3n del pr\u00f3ximo viernes 18 de noviembre convocada por organizaciones sociales y de la econom\u00eda popular. &#8220;Reiteramos la necesidad de crear, en el marco de un programa de recuperaci\u00f3n econ\u00f3mica y social, una Asignaci\u00f3n Salarial B\u00e1sica Universal para todos los trabajadores argentinos, tengan o no empleo, superadora de los actuales planes sociales&#8221;, destacaron.<\/p>\n<p>&nbsp;<\/p>\n<p>En esa l\u00ednea, aseguraron que desde la CGT combativa no &#8220;permanecer\u00e1n imp\u00e1vidos ante el despido de 300.000 trabajadores&#8221; ni ante &#8220;el hambre, la miseria y la represi\u00f3n a la que est\u00e1n sometiendo a los sectores m\u00e1s humildes&#8221;.<\/p>\n<p>&nbsp;<\/p>\n<p>&#8220;Insistimos en que es imprescindible acordar un programa para superar esta crisis, junto con un plan de acci\u00f3n com\u00fan a todo el movimiento sindical. En ese camino la CGT a la que pertenecemos debe convocar a un paro general exigiendo ese cambio imprescindible de pol\u00edtica econ\u00f3mica&#8221;, remarcaron.<\/p>\n<p>&nbsp;<\/p>\n<p>&#8220;Es fundamental que el gobierno convoque a todos los sectores y que la CGT se ponga al frente de la pelea&#8221;, concluy\u00f3 Minucci.<\/p>\n","protected":false},"excerpt":{"rendered":"<p>La CGT combativa que integran m\u00e1s de 60 sindicatos agrupados en la Corriente Federal de Trabajadores (CFT) reclam\u00f3 al Gobierno nacional un &#8220;urgente&#8221; cambio en la pol\u00edtica econ\u00f3mica para evitar la &#8220;tremenda recesi\u00f3n&#8221; que sufre la Argentina &nbsp; &nbsp; &nbsp; &nbsp; &nbsp; &#8220;Todo esto se est\u00e1 derrumbando. Seguimos con despidos, con problemas muy serios de transferencia de recursos en tarifas, hay una tremenda recesi\u00f3n y un presupuesto elaborado en contra los trabajadores&#8221;, alert\u00f3 Carlos Minucci, de la Asociaci\u00f3n Personal Superior de Empresas de Energ\u00eda (APSEE), en di\u00e1logo con \u00e1mbito.com. &nbsp;&#8230;<\/p>\n","protected":false},"author":3,"featured_media":4086,"comment_status":"closed","ping_status":"closed","sticky":false,"template":"","format":"standard","meta":[],"categories":[18],"tags":[],"_links":{"self":[{"href":"https:\/\/www.actualidadadiario.com\/index.php\/wp-json\/wp\/v2\/posts\/4085"}],"collection":[{"href":"https:\/\/www.actualidadadiario.com\/index.php\/wp-json\/wp\/v2\/posts"}],"about":[{"href":"https:\/\/www.actualidadadiario.com\/index.php\/wp-json\/wp\/v2\/types\/post"}],"author":[{"embeddable":true,"href":"https:\/\/www.actualidadadiario.com\/index.php\/wp-json\/wp\/v2\/users\/3"}],"replies":[{"embeddable":true,"href":"https:\/\/www.actualidadadiario.com\/index.php\/wp-json\/wp\/v2\/comments?post=4085"}],"version-history":[{"count":1,"href":"https:\/\/www.actualidadadiario.com\/index.php\/wp-json\/wp\/v2\/posts\/4085\/revisions"}],"predecessor-version":[{"id":4087,"href":"https:\/\/www.actualidadadiario.com\/index.php\/wp-json\/wp\/v2\/posts\/4085\/revisions\/4087"}],"wp:featuredmedia":[{"embeddable":true,"href":"https:\/\/www.actualidadadiario.com\/index.php\/wp-json\/wp\/v2\/media\/4086"}],"wp:attachment":[{"href":"https:\/\/www.actualidadadiario.com\/index.php\/wp-json\/wp\/v2\/media?parent=4085"}],"wp:term":[{"taxonomy":"category","embeddable":true,"href":"https:\/\/www.actualidadadiario.com\/index.php\/wp-json\/wp\/v2\/categories?post=4085"},{"taxonomy":"post_tag","embeddable":true,"href":"https:\/\/www.actualidadadiario.com\/index.php\/wp-json\/wp\/v2\/tags?post=4085"}],"curies":[{"name":"wp","href":"https:\/\/api.w.org\/{rel}","templated":true}]}}