{"id":40843,"date":"2019-02-22T12:22:30","date_gmt":"2019-02-22T15:22:30","guid":{"rendered":"https:\/\/www.actualidadadiario.com\/?p=40843"},"modified":"2019-05-06T20:50:29","modified_gmt":"2019-05-06T23:50:29","slug":"se-realizara-el-martes-la-sesion-de-diputados-donde-cambiemos-deberia-designar-vicepresidente","status":"publish","type":"post","link":"https:\/\/www.actualidadadiario.com\/index.php\/2019\/02\/22\/se-realizara-el-martes-la-sesion-de-diputados-donde-cambiemos-deberia-designar-vicepresidente\/","title":{"rendered":"Se realizar\u00e1 el martes la sesi\u00f3n de Diputados donde Cambiemos deber\u00eda designar vicepresidente"},"content":{"rendered":"<p><em><strong>La C\u00e1mara de Diputados convoc\u00f3 a la primera sesi\u00f3n ordinaria del a\u00f1o para el martes a las 18. \u00a0Se esperaba que Cambiemos ocupara ese d\u00eda la Vicepresidencia segunda, que hab\u00eda quedado trunca en la sesi\u00f3n preparatoria. Fuentes del bloque adelantaron que reci\u00e9n la pr\u00f3xima semana definir\u00e1n si asumen o no el cargo, en rechazo a la designaci\u00f3n de Sergio Urribarri en la Presidencia del Cuerpo<\/strong><\/em><\/p>\n<p>&nbsp;<\/p>\n<p>&nbsp;<\/p>\n<p>Los diputados est\u00e1n convocados a sesionar el martes a las 18. Hab\u00eda quedado pendiente en la sesi\u00f3n preparatoria, la designaci\u00f3n de la Vicepresidencia segunda por parte de Cambiemos, que se retir\u00f3 del recinto sin elegir autoridades en rechazo a la designaci\u00f3n de Urribarri en la presidencia.<\/p>\n<p>Sin embargo, Cambiemos est\u00e1 evaluando no ocupar ese lugar. La pr\u00f3xima semana habr\u00e1 una reuni\u00f3n de los 11 diputados que suman en conjunto el PRO y la UCR en Diputados para definir si ocupan o no el lugar institucional, seg\u00fan adelant\u00f3 una alta fuente del espacio.<\/p>\n<p>De no presentar una propuesta, la C\u00e1mara debe definir esta autoridad, que podr\u00eda recaer en alguno de los bloques unipersonales que integran la C\u00e1mara.<\/p>\n","protected":false},"excerpt":{"rendered":"<p>La C\u00e1mara de Diputados convoc\u00f3 a la primera sesi\u00f3n ordinaria del a\u00f1o para el martes a las 18. \u00a0Se esperaba que Cambiemos ocupara ese d\u00eda la Vicepresidencia segunda, que hab\u00eda quedado trunca en la sesi\u00f3n preparatoria. Fuentes del bloque adelantaron que reci\u00e9n la pr\u00f3xima semana definir\u00e1n si asumen o no el cargo, en rechazo a la designaci\u00f3n de Sergio Urribarri en la Presidencia del Cuerpo &nbsp; &nbsp; Los diputados est\u00e1n convocados a sesionar el martes a las 18. Hab\u00eda quedado pendiente en la sesi\u00f3n preparatoria, la designaci\u00f3n de la Vicepresidencia&#8230;<\/p>\n","protected":false},"author":3,"featured_media":40844,"comment_status":"closed","ping_status":"closed","sticky":false,"template":"","format":"standard","meta":[],"categories":[15],"tags":[],"_links":{"self":[{"href":"https:\/\/www.actualidadadiario.com\/index.php\/wp-json\/wp\/v2\/posts\/40843"}],"collection":[{"href":"https:\/\/www.actualidadadiario.com\/index.php\/wp-json\/wp\/v2\/posts"}],"about":[{"href":"https:\/\/www.actualidadadiario.com\/index.php\/wp-json\/wp\/v2\/types\/post"}],"author":[{"embeddable":true,"href":"https:\/\/www.actualidadadiario.com\/index.php\/wp-json\/wp\/v2\/users\/3"}],"replies":[{"embeddable":true,"href":"https:\/\/www.actualidadadiario.com\/index.php\/wp-json\/wp\/v2\/comments?post=40843"}],"version-history":[{"count":1,"href":"https:\/\/www.actualidadadiario.com\/index.php\/wp-json\/wp\/v2\/posts\/40843\/revisions"}],"predecessor-version":[{"id":40845,"href":"https:\/\/www.actualidadadiario.com\/index.php\/wp-json\/wp\/v2\/posts\/40843\/revisions\/40845"}],"wp:featuredmedia":[{"embeddable":true,"href":"https:\/\/www.actualidadadiario.com\/index.php\/wp-json\/wp\/v2\/media\/40844"}],"wp:attachment":[{"href":"https:\/\/www.actualidadadiario.com\/index.php\/wp-json\/wp\/v2\/media?parent=40843"}],"wp:term":[{"taxonomy":"category","embeddable":true,"href":"https:\/\/www.actualidadadiario.com\/index.php\/wp-json\/wp\/v2\/categories?post=40843"},{"taxonomy":"post_tag","embeddable":true,"href":"https:\/\/www.actualidadadiario.com\/index.php\/wp-json\/wp\/v2\/tags?post=40843"}],"curies":[{"name":"wp","href":"https:\/\/api.w.org\/{rel}","templated":true}]}}