{"id":40837,"date":"2019-02-22T12:20:53","date_gmt":"2019-02-22T15:20:53","guid":{"rendered":"https:\/\/www.actualidadadiario.com\/?p=40837"},"modified":"2019-05-06T20:57:17","modified_gmt":"2019-05-06T23:57:17","slug":"siento-un-gran-orgullo-ante-el-desafio-afirmo-stratta","status":"publish","type":"post","link":"https:\/\/www.actualidadadiario.com\/index.php\/2019\/02\/22\/siento-un-gran-orgullo-ante-el-desafio-afirmo-stratta\/","title":{"rendered":"\u201cSiento un gran orgullo ante el desaf\u00edo\u201d, afirm\u00f3 Stratta"},"content":{"rendered":"<p><em><strong>La compa\u00f1era de f\u00f3rmula de Gustavo Bordet expres\u00f3 su satisfacci\u00f3n en las redes, agradeci\u00f3 al gobernador \u201cpor la posibilidad de continuar trabajando junto a \u00e9l\u201d y remarc\u00f3 que esto es \u201cun reconocimiento no s\u00f3lo a las mujeres en la pol\u00edtica sino tambi\u00e9n a las mujeres que trabajan\u201d<\/strong><\/em><\/p>\n<p>&nbsp;<\/p>\n<p>&nbsp;<\/p>\n<p>&nbsp;<\/p>\n<p>La actual ministra de Desarrollo Social, Laura Stratta, record\u00f3 que \u201cdesde el primer d\u00eda\u201d acompa\u00f1a la gesti\u00f3n del Gobernador y remarc\u00f3: \u201cSiento un gran orgullo ante el desaf\u00edo de continuar acompa\u00f1\u00e1ndolo como precandidata a vicegobernadora del frente Creer Entre R\u00edos\u201d.<\/p>\n<p>Consider\u00f3 \u201ceste es un reconocimiento no s\u00f3lo a las mujeres en la pol\u00edtica sino tambi\u00e9n a las mujeres que trabajan, a las mujeres que luchan, a las mujeres solidarias, a las mujeres que se organizan\u201d, subray\u00f3.<\/p>\n<p>Adem\u00e1s, le agradeci\u00f3 al mandatario \u201cpor el reconocimiento que esto significa, pero sobre todo por la posibilidad de continuar trabajando junto a \u00e9l, por los desaf\u00edos que a\u00fan tiene nuestra provincia\u201d.<\/p>\n<p>&nbsp;<\/p>\n<p><strong>Texto completo, publicado en el Facebook de la Ministra:<\/strong><\/p>\n<p>\u201cDesde el primer d\u00eda de gesti\u00f3n acompa\u00f1o a Gustavo Bordet como ministra de Desarrollo Social. Transitamos a\u00f1os dif\u00edciles ante el retroceso en materia de pol\u00edticas p\u00fablicas a nivel nacional, pero fue una definici\u00f3n de nuestro gobernador redoblar los esfuerzos para estar presentes, sostener y poner en marcha pol\u00edticas para garantizar derechos, brindar respuestas a las demandas sociales y generar oportunidades.<\/p>\n<p>Hoy y despu\u00e9s del camino recorrido, siento un gran orgullo ante el desaf\u00edo de continuar acompa\u00f1\u00e1ndolo como precandidata a vicegobernadora del frente Creer Entre R\u00edos. Agradezco a Gustavo Bordet por el reconocimiento que esto significa, pero sobre todo por la posibilidad de continuar trabajando junto a \u00e9l, por los desaf\u00edos que a\u00fan tiene nuestra provincia.<\/p>\n<p>Este es un reconocimiento no s\u00f3lo a las mujeres en la pol\u00edtica sino tambi\u00e9n a las mujeres que trabajan, a las mujeres que luchan, a las mujeres solidarias, a las mujeres que se organizan.<\/p>\n<p>Quiero hacer tambi\u00e9n una menci\u00f3n especial a mi viejo, que sembr\u00f3 en m\u00ed la pasi\u00f3n por la pol\u00edtica; a mi mam\u00e1, por ser un ejemplo de mujer luchadora; a mi compa\u00f1ero Marcelo y a mis hijos Juan y Bruno, por el amor y apoyo incondicional. Tambi\u00e9n quiero agradecer a mis compa\u00f1eros y compa\u00f1eras, con los que sigo creciendo cada d\u00eda. Con ellos abrazo la militancia, las ideas y la convicci\u00f3n de que nada puede hacerse en soledad y sin amor por el otro.<\/p>\n<p>Es para m\u00ed un orgullo, formar parte de este proyecto que contiene a una diversidad de miradas y sectores que han confluido en el frente Creer Entre R\u00edos, y que representa la esperanza de un futuro con m\u00e1s justicia y dignidad\u201d.<\/p>\n","protected":false},"excerpt":{"rendered":"<p>La compa\u00f1era de f\u00f3rmula de Gustavo Bordet expres\u00f3 su satisfacci\u00f3n en las redes, agradeci\u00f3 al gobernador \u201cpor la posibilidad de continuar trabajando junto a \u00e9l\u201d y remarc\u00f3 que esto es \u201cun reconocimiento no s\u00f3lo a las mujeres en la pol\u00edtica sino tambi\u00e9n a las mujeres que trabajan\u201d &nbsp; &nbsp; &nbsp; La actual ministra de Desarrollo Social, Laura Stratta, record\u00f3 que \u201cdesde el primer d\u00eda\u201d acompa\u00f1a la gesti\u00f3n del Gobernador y remarc\u00f3: \u201cSiento un gran orgullo ante el desaf\u00edo de continuar acompa\u00f1\u00e1ndolo como precandidata a vicegobernadora del frente Creer Entre R\u00edos\u201d&#8230;.<\/p>\n","protected":false},"author":3,"featured_media":40838,"comment_status":"closed","ping_status":"closed","sticky":false,"template":"","format":"standard","meta":[],"categories":[15],"tags":[],"_links":{"self":[{"href":"https:\/\/www.actualidadadiario.com\/index.php\/wp-json\/wp\/v2\/posts\/40837"}],"collection":[{"href":"https:\/\/www.actualidadadiario.com\/index.php\/wp-json\/wp\/v2\/posts"}],"about":[{"href":"https:\/\/www.actualidadadiario.com\/index.php\/wp-json\/wp\/v2\/types\/post"}],"author":[{"embeddable":true,"href":"https:\/\/www.actualidadadiario.com\/index.php\/wp-json\/wp\/v2\/users\/3"}],"replies":[{"embeddable":true,"href":"https:\/\/www.actualidadadiario.com\/index.php\/wp-json\/wp\/v2\/comments?post=40837"}],"version-history":[{"count":1,"href":"https:\/\/www.actualidadadiario.com\/index.php\/wp-json\/wp\/v2\/posts\/40837\/revisions"}],"predecessor-version":[{"id":40839,"href":"https:\/\/www.actualidadadiario.com\/index.php\/wp-json\/wp\/v2\/posts\/40837\/revisions\/40839"}],"wp:featuredmedia":[{"embeddable":true,"href":"https:\/\/www.actualidadadiario.com\/index.php\/wp-json\/wp\/v2\/media\/40838"}],"wp:attachment":[{"href":"https:\/\/www.actualidadadiario.com\/index.php\/wp-json\/wp\/v2\/media?parent=40837"}],"wp:term":[{"taxonomy":"category","embeddable":true,"href":"https:\/\/www.actualidadadiario.com\/index.php\/wp-json\/wp\/v2\/categories?post=40837"},{"taxonomy":"post_tag","embeddable":true,"href":"https:\/\/www.actualidadadiario.com\/index.php\/wp-json\/wp\/v2\/tags?post=40837"}],"curies":[{"name":"wp","href":"https:\/\/api.w.org\/{rel}","templated":true}]}}