{"id":40834,"date":"2019-02-22T12:20:11","date_gmt":"2019-02-22T15:20:11","guid":{"rendered":"https:\/\/www.actualidadadiario.com\/?p=40834"},"modified":"2019-05-06T20:55:19","modified_gmt":"2019-05-06T23:55:19","slug":"el-frente-justicialista-creer-entre-rios-presentara-su-lista-completa-el-sabado","status":"publish","type":"post","link":"https:\/\/www.actualidadadiario.com\/index.php\/2019\/02\/22\/el-frente-justicialista-creer-entre-rios-presentara-su-lista-completa-el-sabado\/","title":{"rendered":"El Frente Justicialista Creer Entre R\u00edos presentar\u00e1 su lista completa el s\u00e1bado"},"content":{"rendered":"<p><em><strong>Luego de la confirmaci\u00f3n de la f\u00f3rmula Gustavo Bordet \u2013 Laura Stratta para la gobernaci\u00f3n, el Frente Creer Entre R\u00edos cerrar\u00e1 el resto de sus candidaturas reci\u00e9n el s\u00e1bado, fecha tope para la presentaci\u00f3n. La discusi\u00f3n por estas horas est\u00e1 centrada en el espacio que tendr\u00e1n los sectores kirchneristas en la lista de candidatos a diputados provinciales y para los concejos deliberantes locales<\/strong><\/em><\/p>\n<p>&nbsp;<\/p>\n<p>&nbsp;<\/p>\n<p>&nbsp;<\/p>\n<p>\u201cEl s\u00e1bado\u201d fue la respuesta que dio un funcionario de primera l\u00ednea del Gobierno provincial ante la consulta sobre cu\u00e1ndo el justicialismo y sus aliados tendr\u00e1n cerradas las candidaturas para las primarias abiertas, simult\u00e1neas y obligatorias (PASO) de abril.<\/p>\n<p>Por otro lado, fuentes partidarias confirmaron que las tensiones principales est\u00e1n en los lugares que ocupar\u00e1n los referentes \u201cK\u201d en la provincia, sobre todo en la lista de candidatos diputados provinciales. Las versiones que trascendieron indicaron que el kirchnerismo pretende seis lugares y que el sector del gobernador no est\u00e1 dispuesto a ceder tanto.<\/p>\n<p>Asimismo, este tira y afloje se traslad\u00f3 a las postulaciones a cargos locales en las distintas ciudades. En Paran\u00e1, por caso, si se confirma que el actual vicegobernador Ad\u00e1n Bahl buscar\u00e1 competir por la intendencia, los kirchneristas han hecho saber que pretenden para el lugar de viceintendente y tres candidaturas expectantes en la lista de concejales.<\/p>\n<p>Esta disputa en la capital provincial, que deber\u00e1 estar zanjada antes del s\u00e1bado, tiene una complicaci\u00f3n extra porque presiona sobre acuerdos previos que se hab\u00edan venido gestando en los \u00faltimos meses con otros sectores de la vida interna del peronismo.<\/p>\n","protected":false},"excerpt":{"rendered":"<p>Luego de la confirmaci\u00f3n de la f\u00f3rmula Gustavo Bordet \u2013 Laura Stratta para la gobernaci\u00f3n, el Frente Creer Entre R\u00edos cerrar\u00e1 el resto de sus candidaturas reci\u00e9n el s\u00e1bado, fecha tope para la presentaci\u00f3n. La discusi\u00f3n por estas horas est\u00e1 centrada en el espacio que tendr\u00e1n los sectores kirchneristas en la lista de candidatos a diputados provinciales y para los concejos deliberantes locales &nbsp; &nbsp; &nbsp; \u201cEl s\u00e1bado\u201d fue la respuesta que dio un funcionario de primera l\u00ednea del Gobierno provincial ante la consulta sobre cu\u00e1ndo el justicialismo y sus&#8230;<\/p>\n","protected":false},"author":3,"featured_media":40835,"comment_status":"closed","ping_status":"closed","sticky":false,"template":"","format":"standard","meta":[],"categories":[15],"tags":[],"_links":{"self":[{"href":"https:\/\/www.actualidadadiario.com\/index.php\/wp-json\/wp\/v2\/posts\/40834"}],"collection":[{"href":"https:\/\/www.actualidadadiario.com\/index.php\/wp-json\/wp\/v2\/posts"}],"about":[{"href":"https:\/\/www.actualidadadiario.com\/index.php\/wp-json\/wp\/v2\/types\/post"}],"author":[{"embeddable":true,"href":"https:\/\/www.actualidadadiario.com\/index.php\/wp-json\/wp\/v2\/users\/3"}],"replies":[{"embeddable":true,"href":"https:\/\/www.actualidadadiario.com\/index.php\/wp-json\/wp\/v2\/comments?post=40834"}],"version-history":[{"count":1,"href":"https:\/\/www.actualidadadiario.com\/index.php\/wp-json\/wp\/v2\/posts\/40834\/revisions"}],"predecessor-version":[{"id":40836,"href":"https:\/\/www.actualidadadiario.com\/index.php\/wp-json\/wp\/v2\/posts\/40834\/revisions\/40836"}],"wp:featuredmedia":[{"embeddable":true,"href":"https:\/\/www.actualidadadiario.com\/index.php\/wp-json\/wp\/v2\/media\/40835"}],"wp:attachment":[{"href":"https:\/\/www.actualidadadiario.com\/index.php\/wp-json\/wp\/v2\/media?parent=40834"}],"wp:term":[{"taxonomy":"category","embeddable":true,"href":"https:\/\/www.actualidadadiario.com\/index.php\/wp-json\/wp\/v2\/categories?post=40834"},{"taxonomy":"post_tag","embeddable":true,"href":"https:\/\/www.actualidadadiario.com\/index.php\/wp-json\/wp\/v2\/tags?post=40834"}],"curies":[{"name":"wp","href":"https:\/\/api.w.org\/{rel}","templated":true}]}}