{"id":40831,"date":"2019-02-22T12:19:31","date_gmt":"2019-02-22T15:19:31","guid":{"rendered":"https:\/\/www.actualidadadiario.com\/?p=40831"},"modified":"2019-05-06T20:55:14","modified_gmt":"2019-05-06T23:55:14","slug":"el-gobernador-bordet-presento-formalmente-su-formula-con-stratta","status":"publish","type":"post","link":"https:\/\/www.actualidadadiario.com\/index.php\/2019\/02\/22\/el-gobernador-bordet-presento-formalmente-su-formula-con-stratta\/","title":{"rendered":"El gobernador Bordet present\u00f3 formalmente su f\u00f3rmula con Stratta"},"content":{"rendered":"<p><em><strong>Acompa\u00f1ado de su compa\u00f1era de f\u00f3rmula, el gobernador afirm\u00f3 que \u201chemos sido capaces de hacer las cosas bien y podemos darle a Entre R\u00edos un futuro mejor\u201d. Destac\u00f3 adem\u00e1s el lugar de \u201cpreponderancia\u201d que ocupa la mujer en su gesti\u00f3n<\/strong><\/em><\/p>\n<p>&nbsp;<\/p>\n<p>&nbsp;<\/p>\n<p>&nbsp;<\/p>\n<p>\u201cCon mucho entusiasmo estamos presentando hoy (por este jueves) nuestra f\u00f3rmula porque creemos que hay un futuro mejor para todos los entrerrianos\u201d, afirm\u00f3 el gobernador Gustavo Bordet al presentar formalmente a Laura Stratta como su compa\u00f1era de f\u00f3rmula para ocupar la vicegobernaci\u00f3n.<\/p>\n<p>Para el mandatario, \u201carmar equipo con paridad de g\u00e9nero es una muy buena noticia para Entre R\u00edos porque es la primera vez que va a haber una vicegobernadora mujer en nuestra provincia y tenemos que estar orgullosos\u201d, destac\u00f3.<\/p>\n<p>Bordet encabeza la propuesta electoral del Frente Justicialista Creer Entre R\u00edos y agreg\u00f3 que la funcionaria \u201cme ha acompa\u00f1ado todos estos a\u00f1os, en un \u00e1rea tan sensible como el Ministerio de Desarrollo Social, en momentos realmente dif\u00edciles y ha hecho una gesti\u00f3n ejemplar\u201d.<\/p>\n<p>Fundament\u00f3 su decisi\u00f3n en que Stratta \u201cpor su forma de relacionarse, por su historia, por su pensamiento pol\u00edtico, es la mejor candidata para acompa\u00f1arme en la f\u00f3rmula\u201d.<\/p>\n<p>&nbsp;<\/p>\n<p><strong>Dificultades<\/strong><\/p>\n<p>A la hora de los balances, Bordet puntualiz\u00f3 que \u201ccreemos que, a pesar de las dificultades y a pesar de la crisis que estamos pasando, ac\u00e1 en Entre R\u00edos hemos hecho las cosas diferentes\u201d. Subrayando que \u201chemos podido lograr equilibrio fiscal, hemos podido atender socio-sanitariamente a la poblaci\u00f3n, hemos podido hacer obra p\u00fablica, hemos podido hacerlo con cuentas transparentes y ordenadas\u201d.<\/p>\n<p>Consultado sobre los ejes de campa\u00f1a, el concordiense expres\u00f3 que \u201cfundamentalmente son, adem\u00e1s de demostrar lo que hemos podido hacer en tiempos de crisis, es que hoy est\u00e1n sentadas las bases para poder en cuatro a\u00f1os m\u00e1s darle el gran desarrollo que esta provincia necesita\u201d. Poniendo en eje en \u201cdotarla de pol\u00edticas p\u00fablicas y sociales que son aquellas que trascienden una gesti\u00f3n de gobierno para complementarla en estos otros cuatro a\u00f1os que van a terminar un ciclo de ocho\u201d.<\/p>\n<p>\u201cAhora somos capaces de mucho m\u00e1s\u201d, asever\u00f3 el mandatario. Ejemplificando con el \u201ccierre norte energ\u00e9tico que va a proveer de capacidad en electricidad, gas y fibra \u00f3ptica en el norte entrerriano para que nuestros productores puedan realizar inversiones seguras\u201d y \u201ctambi\u00e9n nuestra pol\u00edtica portuaria que empezamos a desarrollar y que en los pr\u00f3ximos cuatro a\u00f1os va a ser uno de los ejes fundamentales\u201d.<\/p>\n<p>&nbsp;<\/p>\n<p><strong>La mujer<\/strong><\/p>\n<p>M\u00e1s adelante, Bordet indic\u00f3 que si se analiza la composici\u00f3n de mi gabinete, de cinco ministros tres son mujeres. Y esto tiene que ver con que la mujer \u201choy ocupa lugares de preponderancia y la verdad es que particularmente me siento muy c\u00f3modo trabajando con compa\u00f1eras que dejan lo mejor de s\u00ed para la gesti\u00f3n\u201d, evalu\u00f3.<\/p>\n<p>&nbsp;<\/p>\n<p><strong>Reconocimiento<\/strong><\/p>\n<p>Por su parte, la ministra de Desarrollo Social, Laura Strata, sostuvo que recibi\u00f3 la novedad con orgullo, reconociendo que admira de Bordet \u201cla vocaci\u00f3n de dar prioridad al desarrollo social y humano en la agenda p\u00fablica, el poder cambiar los paradigmas de las pol\u00edticas sociales y el de ir de una pol\u00edtica de asistencia a una de desarrollo, pensando justamente en el acceso y en el generar oportunidades\u201d.<\/p>\n<p>\u201cCreo que de alguna manera esto es un reconocimiento a las mujeres, y no \u00fanicamente a las mujeres en la pol\u00edtica, sino a las que luchan, trabaja, solidaria y se organiza\u201d, destac\u00f3.<\/p>\n","protected":false},"excerpt":{"rendered":"<p>Acompa\u00f1ado de su compa\u00f1era de f\u00f3rmula, el gobernador afirm\u00f3 que \u201chemos sido capaces de hacer las cosas bien y podemos darle a Entre R\u00edos un futuro mejor\u201d. Destac\u00f3 adem\u00e1s el lugar de \u201cpreponderancia\u201d que ocupa la mujer en su gesti\u00f3n &nbsp; &nbsp; &nbsp; \u201cCon mucho entusiasmo estamos presentando hoy (por este jueves) nuestra f\u00f3rmula porque creemos que hay un futuro mejor para todos los entrerrianos\u201d, afirm\u00f3 el gobernador Gustavo Bordet al presentar formalmente a Laura Stratta como su compa\u00f1era de f\u00f3rmula para ocupar la vicegobernaci\u00f3n. Para el mandatario, \u201carmar equipo&#8230;<\/p>\n","protected":false},"author":3,"featured_media":40832,"comment_status":"closed","ping_status":"closed","sticky":false,"template":"","format":"standard","meta":[],"categories":[9],"tags":[],"_links":{"self":[{"href":"https:\/\/www.actualidadadiario.com\/index.php\/wp-json\/wp\/v2\/posts\/40831"}],"collection":[{"href":"https:\/\/www.actualidadadiario.com\/index.php\/wp-json\/wp\/v2\/posts"}],"about":[{"href":"https:\/\/www.actualidadadiario.com\/index.php\/wp-json\/wp\/v2\/types\/post"}],"author":[{"embeddable":true,"href":"https:\/\/www.actualidadadiario.com\/index.php\/wp-json\/wp\/v2\/users\/3"}],"replies":[{"embeddable":true,"href":"https:\/\/www.actualidadadiario.com\/index.php\/wp-json\/wp\/v2\/comments?post=40831"}],"version-history":[{"count":1,"href":"https:\/\/www.actualidadadiario.com\/index.php\/wp-json\/wp\/v2\/posts\/40831\/revisions"}],"predecessor-version":[{"id":40833,"href":"https:\/\/www.actualidadadiario.com\/index.php\/wp-json\/wp\/v2\/posts\/40831\/revisions\/40833"}],"wp:featuredmedia":[{"embeddable":true,"href":"https:\/\/www.actualidadadiario.com\/index.php\/wp-json\/wp\/v2\/media\/40832"}],"wp:attachment":[{"href":"https:\/\/www.actualidadadiario.com\/index.php\/wp-json\/wp\/v2\/media?parent=40831"}],"wp:term":[{"taxonomy":"category","embeddable":true,"href":"https:\/\/www.actualidadadiario.com\/index.php\/wp-json\/wp\/v2\/categories?post=40831"},{"taxonomy":"post_tag","embeddable":true,"href":"https:\/\/www.actualidadadiario.com\/index.php\/wp-json\/wp\/v2\/tags?post=40831"}],"curies":[{"name":"wp","href":"https:\/\/api.w.org\/{rel}","templated":true}]}}