{"id":40825,"date":"2019-02-22T12:17:59","date_gmt":"2019-02-22T15:17:59","guid":{"rendered":"https:\/\/www.actualidadadiario.com\/?p=40825"},"modified":"2019-05-06T20:50:09","modified_gmt":"2019-05-06T23:50:09","slug":"tres-ofertas-para-construir-16-viviendas-en-federal-con-fondos-provinciales","status":"publish","type":"post","link":"https:\/\/www.actualidadadiario.com\/index.php\/2019\/02\/22\/tres-ofertas-para-construir-16-viviendas-en-federal-con-fondos-provinciales\/","title":{"rendered":"Tres ofertas para construir 16 viviendas en Federal con fondos provinciales"},"content":{"rendered":"<p><em><strong>La provincia, a trav\u00e9s del Instituto Aut\u00e1rquico de Planeamiento y Vivienda (IAPV), licit\u00f3 la construcci\u00f3n de 16 viviendas en la localidad de Federal, que se har\u00e1n con recursos propios en el marco del programa Primero tu Casa<\/strong><\/em><\/p>\n<p>&nbsp;<\/p>\n<p>&nbsp;<\/p>\n<p>&nbsp;<\/p>\n<p>Al respecto, el titular del IAPV Marcelo Casaretto asegur\u00f3 que \u201cla ejecuci\u00f3n de nuevos grupos de viviendas permite generar mayor mano de obra en las diferentes localidades, posibilitando recuperar la dignidad del trabajo a muchas familias entrerrianas y la puesta en marcha del aparato productivo en cada municipio\u201d.<\/p>\n<p>En ese sentido, inform\u00f3 que en Federal \u201cse adjudic\u00f3 la construcci\u00f3n de 16 viviendas &#8221; y confirm\u00f3 que se \u201ctrabaja para ejecutar otras 36 unidades habitacionales para ayudar a m\u00e1s familias de esta importante comunidad a cumplir el sue\u00f1o de tener la casa propia, que de otra manera les resultar\u00eda casi imposible lograrlo\u201d.<\/p>\n<p>El directivo indic\u00f3 que \u201cse pone de manifiesto una clara pol\u00edtica social inclusiva, que mejora las condiciones de vida de sus habitantes, haciendo de Entre R\u00edos una provincia que crece cada d\u00eda\u201d.<\/p>\n<p>En el acto estuvieron presentes los vocales, Marcelo B\u00e1ez y Horacio Flores; el escribano delegado de la Escriban\u00eda Mayor de Gobierno, Sebasti\u00e1n Ibarra; representantes de las empresas constructoras; y personal t\u00e9cnico de la repartici\u00f3n provincial, entre otras autoridades.<\/p>\n<p>&nbsp;<\/p>\n<p><strong>Detalle de las obras<\/strong><\/p>\n<p>En Federal se construir\u00e1n cuatro viviendas de 28 m2 (monoambiente), seis viviendas de un dormitorio de 39 m2; y seis viviendas de dos dormitorios de 51m2. Los tres cuentan con las fundaciones para futuras ampliaciones, instalaci\u00f3n el\u00e9ctrica completa previendo TV, tel\u00e9fono y\/o Internet como as\u00ed tambi\u00e9n, instalaci\u00f3n de gas combinado y un termotanque solar.<\/p>\n<p>Para la ejecuci\u00f3n de las viviendas, hubo tres ofertas: Chezzi Eduardo Marcelo, que ofert\u00f2: 18.756.838,70 pesos; Tarsa S.A cotiz\u00f3: 19.318.567,04 pesos; y Cimbra Constructora S.A, presupuest\u00f3: 19.470.283,75 pesos.<\/p>\n<p>&nbsp;<\/p>\n","protected":false},"excerpt":{"rendered":"<p>La provincia, a trav\u00e9s del Instituto Aut\u00e1rquico de Planeamiento y Vivienda (IAPV), licit\u00f3 la construcci\u00f3n de 16 viviendas en la localidad de Federal, que se har\u00e1n con recursos propios en el marco del programa Primero tu Casa &nbsp; &nbsp; &nbsp; Al respecto, el titular del IAPV Marcelo Casaretto asegur\u00f3 que \u201cla ejecuci\u00f3n de nuevos grupos de viviendas permite generar mayor mano de obra en las diferentes localidades, posibilitando recuperar la dignidad del trabajo a muchas familias entrerrianas y la puesta en marcha del aparato productivo en cada municipio\u201d. En ese&#8230;<\/p>\n","protected":false},"author":3,"featured_media":40826,"comment_status":"closed","ping_status":"closed","sticky":false,"template":"","format":"standard","meta":[],"categories":[15],"tags":[],"_links":{"self":[{"href":"https:\/\/www.actualidadadiario.com\/index.php\/wp-json\/wp\/v2\/posts\/40825"}],"collection":[{"href":"https:\/\/www.actualidadadiario.com\/index.php\/wp-json\/wp\/v2\/posts"}],"about":[{"href":"https:\/\/www.actualidadadiario.com\/index.php\/wp-json\/wp\/v2\/types\/post"}],"author":[{"embeddable":true,"href":"https:\/\/www.actualidadadiario.com\/index.php\/wp-json\/wp\/v2\/users\/3"}],"replies":[{"embeddable":true,"href":"https:\/\/www.actualidadadiario.com\/index.php\/wp-json\/wp\/v2\/comments?post=40825"}],"version-history":[{"count":1,"href":"https:\/\/www.actualidadadiario.com\/index.php\/wp-json\/wp\/v2\/posts\/40825\/revisions"}],"predecessor-version":[{"id":40827,"href":"https:\/\/www.actualidadadiario.com\/index.php\/wp-json\/wp\/v2\/posts\/40825\/revisions\/40827"}],"wp:featuredmedia":[{"embeddable":true,"href":"https:\/\/www.actualidadadiario.com\/index.php\/wp-json\/wp\/v2\/media\/40826"}],"wp:attachment":[{"href":"https:\/\/www.actualidadadiario.com\/index.php\/wp-json\/wp\/v2\/media?parent=40825"}],"wp:term":[{"taxonomy":"category","embeddable":true,"href":"https:\/\/www.actualidadadiario.com\/index.php\/wp-json\/wp\/v2\/categories?post=40825"},{"taxonomy":"post_tag","embeddable":true,"href":"https:\/\/www.actualidadadiario.com\/index.php\/wp-json\/wp\/v2\/tags?post=40825"}],"curies":[{"name":"wp","href":"https:\/\/api.w.org\/{rel}","templated":true}]}}